{"id":124,"date":"2015-04-24T15:00:45","date_gmt":"2015-04-24T13:00:45","guid":{"rendered":"http:\/\/www.eichsfeldgruene.de\/WP\/?p=124"},"modified":"2017-04-05T11:58:21","modified_gmt":"2017-04-05T09:58:21","slug":"gruener-freitag-zu-landschaftspflege-und-oeko-landbau-mit-umweltministerin-siegesmund-im-eichsfeld","status":"publish","type":"post","link":"http:\/\/www.eichsfeldgruene.de\/WP\/gruener-freitag-zu-landschaftspflege-und-oeko-landbau-mit-umweltministerin-siegesmund-im-eichsfeld\/","title":{"rendered":"\u201eGr\u00fcner Freitag&#8221; zu Landschaftspflege und \u00d6ko-Landbau mit Umweltministerin Siegesmund im Eichsfeld"},"content":{"rendered":"<p><span style=\"font-family: Syntax,monospace;\"><span style=\"font-size: small;\"><span style=\"font-family: Arial,sans-serif;\"><span style=\"font-size: medium;\">Im Rahmen der Veranstaltungsreihe \u201eGr\u00fcner Freitag\u201c von B\u00fcndnis 90\/Die Gr\u00fcnen Th\u00fcringen war die Th\u00fcringer Ministerin f\u00fcr Umwelt, Energie und Naturschutz Anja Siegesmund am 24.04.2015 beim Kreisverband Eichsfeld von B\u00fcndnis 90\/Die Gr\u00fcnen zu Gast.<\/span><\/span><\/span><\/span><\/p>\n<p><span style=\"font-family: Syntax,monospace;\"><span style=\"font-size: small;\"><span style=\"font-family: Arial,sans-serif;\"><span style=\"font-size: medium;\">Gemeinsam mit den Mitgliedern des Kreisverbandes, Vertretern lokaler Naturschutzverb\u00e4nde und \u00d6ko-Landwirten hat Umweltministerin Anja Siegesmund verschiedene Naturschutz- und \u00d6ko-Landbauprojekte im Naturpark Eichsfeld-Hainich-Werratal besucht. <\/span><\/span><\/span><\/span><\/p>\n<p><span style=\"font-family: Syntax,monospace;\"><span style=\"font-size: small;\"><span style=\"font-family: Arial,sans-serif;\"><span style=\"font-size: medium;\">Den Abschluss bildet eine Gespr\u00e4chsrunde ab 19:00 Uhr im \u201eHofcaf\u00e9 Sickenberg\u201c gemeinsam mit den Gr\u00fcnen Kreisverbandsmitgliedern und \u00d6ko-Landwirten.<br \/>\n<\/span><\/span><\/span><\/span><\/p>\n<div class=\"su-custom-gallery su-custom-gallery-align-left su-custom-gallery-title-Gr\u00fcner Freitag zu Landschaftspflege und \u00d6ko-Landbau su-lightbox-gallery\"><div class=\"su-custom-gallery-slide\" style=\"width:90px;height:90px\"><a href=\"https:\/\/i0.wp.com\/www.eichsfeldgruene.de\/WP\/wp-content\/uploads\/2017\/03\/Zukunftsprojekt-Ziegenhof-asbach-e1490366472973.jpg\" target=\"_blank\" title=\"Zukunftsprojekt Ziegenhof Asbach\"><img data-recalc-dims=\"1\" loading=\"lazy\" decoding=\"async\" src=\"https:\/\/i0.wp.com\/www.eichsfeldgruene.de\/WP\/wp-content\/uploads\/2017\/03\/Zukunftsprojekt-Ziegenhof-asbach-e1490366472973.jpg?resize=90%2C90\" alt=\"Zukunftsprojekt Ziegenhof Asbach\" width=\"90\" height=\"90\" \/><span class=\"su-custom-gallery-title\">Zukunftsprojekt Ziegenhof Asbach<\/span><\/a><\/div><div class=\"su-custom-gallery-slide\" style=\"width:90px;height:90px\"><a href=\"https:\/\/i0.wp.com\/www.eichsfeldgruene.de\/WP\/wp-content\/uploads\/2017\/03\/Dietero%CC%88der-Klippen_2.jpg\" target=\"_blank\" title=\"Weg zu den Dietero\u0308der Klippen\"><img data-recalc-dims=\"1\" loading=\"lazy\" decoding=\"async\" src=\"https:\/\/i0.wp.com\/www.eichsfeldgruene.de\/WP\/wp-content\/uploads\/2017\/03\/Dietero%CC%88der-Klippen_2.jpg?resize=90%2C90\" alt=\"Weg zu den Dietero\u0308der Klippen\" width=\"90\" height=\"90\" \/><span class=\"su-custom-gallery-title\">Weg zu den Dietero\u0308der Klippen<\/span><\/a><\/div><div class=\"su-custom-gallery-slide\" style=\"width:90px;height:90px\"><a href=\"https:\/\/i0.wp.com\/www.eichsfeldgruene.de\/WP\/wp-content\/uploads\/2017\/03\/Dietero%CC%88der-Klippen.jpg\" target=\"_blank\" title=\"Auf den Dietero\u0308der Klippen\"><img data-recalc-dims=\"1\" loading=\"lazy\" decoding=\"async\" src=\"https:\/\/i0.wp.com\/www.eichsfeldgruene.de\/WP\/wp-content\/uploads\/2017\/03\/Dietero%CC%88der-Klippen.jpg?resize=90%2C90\" alt=\"Auf den Dietero\u0308der Klippen\" width=\"90\" height=\"90\" \/><span class=\"su-custom-gallery-title\">Auf den Dietero\u0308der Klippen<\/span><\/a><\/div><div class=\"su-clear\"><\/div><\/div>\n<div class=\"twoclick_social_bookmarks_post_124 social_share_privacy clearfix 1.6.4 locale-de_DE sprite-de_DE\"><\/div><div class=\"twoclick-js\"><script type=\"text\/javascript\">\/* <![CDATA[ *\/\njQuery(document).ready(function($){if($('.twoclick_social_bookmarks_post_124')){$('.twoclick_social_bookmarks_post_124').socialSharePrivacy({\"services\":{\"facebook\":{\"status\":\"on\",\"txt_info\":\"2 Klicks f\\u00fcr mehr Datenschutz: Erst wenn Sie hier klicken, wird der Button aktiv und Sie k\\u00f6nnen Ihre Empfehlung an Facebook senden. Schon beim Aktivieren werden Daten an Dritte \\u00fcbertragen - siehe <em>i<\\\/em>.\",\"perma_option\":\"off\",\"action\":\"like\",\"language\":\"de_DE\"},\"twitter\":{\"reply_to\":\"\",\"tweet_text\":\"%20%E2%80%9EGr%C3%BCner%20Freitag%E2%80%9D%20zu%20Landschaftspflege%20und%20%C3%96ko-Landbau%20mit%20...\",\"status\":\"on\",\"txt_info\":\"2 Klicks f\\u00fcr mehr Datenschutz: Erst wenn Sie hier klicken, wird der Button aktiv und Sie k\\u00f6nnen Ihre Empfehlung an Twitter senden. Schon beim Aktivieren werden Daten an Dritte \\u00fcbertragen - siehe <em>i<\\\/em>.\",\"perma_option\":\"off\",\"language\":\"de\",\"referrer_track\":\"\"},\"gplus\":{\"status\":\"on\",\"txt_info\":\"2 Klicks f\\u00fcr mehr Datenschutz: Erst wenn Sie hier klicken, wird der Button aktiv und Sie k\\u00f6nnen Ihre Empfehlung an Google+ senden. Schon beim Aktivieren werden Daten an Dritte \\u00fcbertragen - siehe <em>i<\\\/em>.\",\"perma_option\":\"off\",\"referrer_track\":\"\"},\"pinterest\":{\"status\":\"on\",\"the_excerpt\":\"\\u201eGr\\u00fcner Freitag&#8221; zu Landschaftspflege und \\u00d6ko-Landbau mit Umweltministerin Siegesmund im Eichsfeld\",\"txt_info\":\"2 Klicks f\\u00fcr mehr Datenschutz: Erst wenn Sie hier klicken, wird der Button aktiv und Sie k\\u00f6nnen Ihre Empfehlung an Pinterest senden. Schon beim Aktivieren werden Daten an Dritte \\u00fcbertragen - siehe <em>i<\\\/em>.\",\"perma_option\":\"off\",\"media\":\"http:\\\/\\\/www.eichsfeldgruene.de\\\/WP\\\/wp-content\\\/uploads\\\/2017\\\/03\\\/Dietero\\u0308der-Klippen.jpg\"},\"linkedin\":{\"status\":\"on\",\"txt_info\":\"2 Klicks f\\u00fcr mehr Datenschutz: Erst wenn Sie hier klicken, wird der Button aktiv und Sie k\\u00f6nnen Ihre Empfehlung an LinkedIn senden. Schon beim Aktivieren werden Daten an Dritte \\u00fcbertragen - siehe <em>i<\\\/em>.\",\"perma_option\":\"off\"}},\"txt_help\":\"Wenn Sie diese Felder durch einen Klick aktivieren, werden Informationen an Facebook, Twitter, Flattr, Xing, t3n, LinkedIn, Pinterest oder Google eventuell ins Ausland \\u00fcbertragen und unter Umst\\u00e4nden auch dort gespeichert. N\\u00e4heres erfahren Sie durch einen Klick auf das <em>i<\\\/em>.\",\"settings_perma\":\"Dauerhaft aktivieren und Daten\\u00fcber-tragung zustimmen:\",\"info_link\":\"http:\\\/\\\/www.heise.de\\\/ct\\\/artikel\\\/2-Klicks-fuer-mehr-Datenschutz-1333879.html\",\"uri\":\"http:\\\/\\\/www.eichsfeldgruene.de\\\/WP\\\/gruener-freitag-zu-landschaftspflege-und-oeko-landbau-mit-umweltministerin-siegesmund-im-eichsfeld\\\/\",\"post_id\":124,\"post_title_referrer_track\":\"%E2%80%9EGr%C3%BCner+Freitag%26%238221%3B+zu+Landschaftspflege+und+%C3%96ko-Landbau+mit+Umweltministerin+Siegesmund+im+Eichsfeld\",\"display_infobox\":\"on\"});}});\n\/* ]]> *\/<\/script><\/div>","protected":false},"excerpt":{"rendered":"<p>Im Rahmen der Veranstaltungsreihe \u201eGr\u00fcner Freitag\u201c von B\u00fcndnis 90\/Die Gr\u00fcnen Th\u00fcringen war die Th\u00fcringer Ministerin f\u00fcr Umwelt, Energie und Naturschutz Anja Siegesmund am 24.04.2015 beim Kreisverband Eichsfeld von B\u00fcndnis 90\/Die [&hellip;]<\/p>\n","protected":false},"author":-1,"featured_media":89,"comment_status":"open","ping_status":"open","sticky":false,"template":"","format":"standard","meta":{"_jetpack_newsletter_access":"","_jetpack_dont_email_post_to_subs":false,"_jetpack_newsletter_tier_id":0,"_jetpack_memberships_contains_paywalled_content":false,"_jetpack_memberships_contains_paid_content":false,"footnotes":""},"categories":[1,5,3],"tags":[],"class_list":["post-124","post","type-post","status-publish","format-standard","has-post-thumbnail","hentry","category-allgemein","category-landespolitik","category-lokalpolitik"],"jetpack_featured_media_url":"https:\/\/i0.wp.com\/www.eichsfeldgruene.de\/WP\/wp-content\/uploads\/2017\/03\/Dietero%CC%88der-Klippen.jpg?fit=640%2C480","jetpack_sharing_enabled":false,"jetpack_shortlink":"https:\/\/wp.me\/p8yqO4-20","jetpack-related-posts":[{"id":338,"url":"http:\/\/www.eichsfeldgruene.de\/WP\/jahreshauptversammlung-2018-in-reifenstein\/","url_meta":{"origin":124,"position":0},"title":"Jahreshauptversammlung 2018 in Reifenstein","author":"Norbert Sondermann","date":"18. Januar 2018","format":false,"excerpt":"Am Samstag, den 13. Januar 2018, kamen die Mitglieder der Eichsfeldgr\u00fcnen zu ihrer Jahreshauptversammlung im Naturschutzzentrum Reifenstein zusammen. Besonders begr\u00fc\u00dfen konnten die gr\u00fcn engagierten Eichsfelder und Eichsfelderinnen den Fraktionsvorsitzenden der Landtagsfraktion Dirk Adams aus Erfurt. Die lebhafte Diskussion zu bundes- und landespolitischen Themen belegte, wie sehr auch auf regionaler Ebene\u2026","rel":"","context":"In &quot;Kreisverband&quot;","block_context":{"text":"Kreisverband","link":"http:\/\/www.eichsfeldgruene.de\/WP\/Thema\/kreisverband\/"},"img":{"alt_text":"","src":"https:\/\/i0.wp.com\/www.eichsfeldgruene.de\/WP\/wp-content\/uploads\/2018\/01\/JHV-2018_Reifenstein.jpg?fit=960%2C960&resize=350%2C200","width":350,"height":200,"srcset":"https:\/\/i0.wp.com\/www.eichsfeldgruene.de\/WP\/wp-content\/uploads\/2018\/01\/JHV-2018_Reifenstein.jpg?fit=960%2C960&resize=350%2C200 1x, https:\/\/i0.wp.com\/www.eichsfeldgruene.de\/WP\/wp-content\/uploads\/2018\/01\/JHV-2018_Reifenstein.jpg?fit=960%2C960&resize=525%2C300 1.5x, https:\/\/i0.wp.com\/www.eichsfeldgruene.de\/WP\/wp-content\/uploads\/2018\/01\/JHV-2018_Reifenstein.jpg?fit=960%2C960&resize=700%2C400 2x"},"classes":[]},{"id":659,"url":"http:\/\/www.eichsfeldgruene.de\/WP\/aussergewoehnlich-mitgliederversammlung-mit-radiointerview\/","url_meta":{"origin":124,"position":1},"title":"Au\u00dfergew\u00f6hnlich: Mitgliederversammlung mit Radiointerview","author":"Norbert Sondermann","date":"23. November 2018","format":false,"excerpt":"Die Mitgliederversammlung des Kreisverbandes B\u00dcNDNIS 90\/DIE GR\u00dcNEN im Eichsfeld begann am fr\u00fchen Abend des 23. Oktober 2018 mit dem Besuch eines Journalisten aus Berlin. Dieser hatte Fragen zur Entwicklung des Kreisverbandes und zur Motivation einzelner Mitglieder, sich f\u00fcr B\u00dcNDNIS 90\/ DIE GR\u00dcNEN im l\u00e4ndlichen Raum zu engagieren. Derzeit besch\u00e4ftigt der\u2026","rel":"","context":"In &quot;Allgemein&quot;","block_context":{"text":"Allgemein","link":"http:\/\/www.eichsfeldgruene.de\/WP\/Thema\/allgemein\/"},"img":{"alt_text":"","src":"https:\/\/i0.wp.com\/www.eichsfeldgruene.de\/WP\/wp-content\/uploads\/2018\/11\/Bild-2-1.jpg?fit=1200%2C900&resize=350%2C200","width":350,"height":200,"srcset":"https:\/\/i0.wp.com\/www.eichsfeldgruene.de\/WP\/wp-content\/uploads\/2018\/11\/Bild-2-1.jpg?fit=1200%2C900&resize=350%2C200 1x, https:\/\/i0.wp.com\/www.eichsfeldgruene.de\/WP\/wp-content\/uploads\/2018\/11\/Bild-2-1.jpg?fit=1200%2C900&resize=525%2C300 1.5x, https:\/\/i0.wp.com\/www.eichsfeldgruene.de\/WP\/wp-content\/uploads\/2018\/11\/Bild-2-1.jpg?fit=1200%2C900&resize=700%2C400 2x, https:\/\/i0.wp.com\/www.eichsfeldgruene.de\/WP\/wp-content\/uploads\/2018\/11\/Bild-2-1.jpg?fit=1200%2C900&resize=1050%2C600 3x"},"classes":[]},{"id":79,"url":"http:\/\/www.eichsfeldgruene.de\/WP\/79\/","url_meta":{"origin":124,"position":2},"title":"25 Jahre Kreisverband Eichsfeld","author":"Claudius Hille","date":"17. September 2015","format":false,"excerpt":"Am 17. September 2015 lud der Kreisverband Eichsfeld zum Jubil\u00e4um \u201e25 Jahre GR\u00dcN im Eichsfeld\u201c in die Heiligenst\u00e4dter Herrnm\u00fchle ein. Wir wollten auf eine politisch ereignisreiche Zeit seit der friedlichen Revolution in der DDR zur\u00fcckschauen und haben uns mit Katrin G\u00f6ring-Eckardt, Fraktionsvorsitzende von B\u00fcndnis 90\/Die Gr\u00fcnen im Deutschen Bundestag und\u2026","rel":"","context":"In &quot;Allgemein&quot;","block_context":{"text":"Allgemein","link":"http:\/\/www.eichsfeldgruene.de\/WP\/Thema\/allgemein\/"},"img":{"alt_text":"","src":"https:\/\/i0.wp.com\/www.eichsfeldgruene.de\/WP\/wp-content\/uploads\/2017\/03\/25-Jahre-KV-Eichsfeld-2-e1490105364505.jpg?fit=640%2C478&resize=350%2C200","width":350,"height":200,"srcset":"https:\/\/i0.wp.com\/www.eichsfeldgruene.de\/WP\/wp-content\/uploads\/2017\/03\/25-Jahre-KV-Eichsfeld-2-e1490105364505.jpg?fit=640%2C478&resize=350%2C200 1x, https:\/\/i0.wp.com\/www.eichsfeldgruene.de\/WP\/wp-content\/uploads\/2017\/03\/25-Jahre-KV-Eichsfeld-2-e1490105364505.jpg?fit=640%2C478&resize=525%2C300 1.5x"},"classes":[]},{"id":240,"url":"http:\/\/www.eichsfeldgruene.de\/WP\/gruene-osteraktion-auf-dem-heiligenstaedter-wilhelm\/","url_meta":{"origin":124,"position":3},"title":"Gr\u00fcne Osteraktion auf dem Heiligenst\u00e4dter Wilhelm","author":"Norbert Sondermann","date":"13. April 2017","format":false,"excerpt":"\u200bInformationen zu \u00d6kolandbau und Gefahren von Glyphosat Am Samstag, den 15. April 2017, macht der Kreisverband von B\u00dcNDNIS 90\/DIE GR\u00dcNEN im Eichsfeld seine j\u00e4hrliche Osteraktion auf dem Heiligenst\u00e4dter Wilhelm. Von 09:30 bis 11:30 Uhr wollen b\u00fcndnisgr\u00fcne Mitglieder wie in den vergangenen Jahren f\u00fcr \u00f6kologische Lebensmittel werben und \u00fcber die umstrittene\u2026","rel":"","context":"In &quot;Aktionen&quot;","block_context":{"text":"Aktionen","link":"http:\/\/www.eichsfeldgruene.de\/WP\/Thema\/kreisverband\/aktionen\/"},"img":{"alt_text":"","src":"https:\/\/i0.wp.com\/www.eichsfeldgruene.de\/WP\/wp-content\/uploads\/2017\/04\/easter-1238348_1280.jpg?fit=1200%2C812&resize=350%2C200","width":350,"height":200,"srcset":"https:\/\/i0.wp.com\/www.eichsfeldgruene.de\/WP\/wp-content\/uploads\/2017\/04\/easter-1238348_1280.jpg?fit=1200%2C812&resize=350%2C200 1x, https:\/\/i0.wp.com\/www.eichsfeldgruene.de\/WP\/wp-content\/uploads\/2017\/04\/easter-1238348_1280.jpg?fit=1200%2C812&resize=525%2C300 1.5x, https:\/\/i0.wp.com\/www.eichsfeldgruene.de\/WP\/wp-content\/uploads\/2017\/04\/easter-1238348_1280.jpg?fit=1200%2C812&resize=700%2C400 2x, https:\/\/i0.wp.com\/www.eichsfeldgruene.de\/WP\/wp-content\/uploads\/2017\/04\/easter-1238348_1280.jpg?fit=1200%2C812&resize=1050%2C600 3x"},"classes":[]},{"id":2203,"url":"http:\/\/www.eichsfeldgruene.de\/WP\/katrin-goering-eckardt-besucht-heiligenstadt\/","url_meta":{"origin":124,"position":4},"title":"Katrin G\u00f6ring-Eckardt besucht Heiligenstadt","author":"Norbert Sondermann","date":"14. September 2021","format":false,"excerpt":"Am Freitag, den 17. September 2021, besucht die Spitzenkandidatin der Th\u00fcringer B\u00fcndnisgr\u00fcnen im Bundestagswahlkampf und Fraktionsvorsitzende von B\u00dcNDIS 90\/DIE GR\u00dcNEN im Deutschen Bundestag Heiligenstadt. Sie freut sich dabei auf interessante Gespr\u00e4che mit Eichsfelderinnen und Eichsfeldern. Ab 12:30 Uhr wird sie auf der unteren Wilhelmstra\u00dfe an einem Stand der Eichsfeldgr\u00fcnen \u00fcber\u2026","rel":"","context":"In &quot;Bundespolitik&quot;","block_context":{"text":"Bundespolitik","link":"http:\/\/www.eichsfeldgruene.de\/WP\/Thema\/bundespolitik\/"},"img":{"alt_text":"","src":"https:\/\/i0.wp.com\/www.eichsfeldgruene.de\/WP\/wp-content\/uploads\/2018\/12\/biene_blume.jpg?fit=512%2C205&resize=350%2C200","width":350,"height":200},"classes":[]},{"id":1896,"url":"http:\/\/www.eichsfeldgruene.de\/WP\/gruene-kandidatin-fuer-den-bundestagswahlkreis-189-gewaehlt\/","url_meta":{"origin":124,"position":5},"title":"Gr\u00fcne Kandidatin f\u00fcr den Bundestagswahlkreis 189 gew\u00e4hlt","author":"Norbert Sondermann","date":"23. Juni 2021","format":false,"excerpt":"Heike M\u00f6ller: Lebenswichtige Strukturen auf dem Land st\u00e4rken Am Donnerstag (17.06.) haben die Mitglieder der Kreisverb\u00e4nde von B\u00dcNDNIS 90\/DIE GR\u00dcNEN aus dem Kyffh\u00e4userkreis, aus Nordhausen und dem Eichsfeld die Entscheidung f\u00fcr eine gemeinsame Direktkandidatin f\u00fcr den Bundestagswahlkampf im Wahlkreis 189 getroffen. In einer Aufstellungsversammlung in der Nordh\u00e4user Rothleimm\u00fchle wurde Heike\u2026","rel":"","context":"In &quot;Bundestagswahl&quot;","block_context":{"text":"Bundestagswahl","link":"http:\/\/www.eichsfeldgruene.de\/WP\/Thema\/wahlen\/bundestagswahl\/"},"img":{"alt_text":"","src":"https:\/\/i0.wp.com\/www.eichsfeldgruene.de\/WP\/wp-content\/uploads\/2021\/06\/Aufstellungsversammlung_1-rotated.jpg?fit=1200%2C900&resize=350%2C200","width":350,"height":200,"srcset":"https:\/\/i0.wp.com\/www.eichsfeldgruene.de\/WP\/wp-content\/uploads\/2021\/06\/Aufstellungsversammlung_1-rotated.jpg?fit=1200%2C900&resize=350%2C200 1x, https:\/\/i0.wp.com\/www.eichsfeldgruene.de\/WP\/wp-content\/uploads\/2021\/06\/Aufstellungsversammlung_1-rotated.jpg?fit=1200%2C900&resize=525%2C300 1.5x, https:\/\/i0.wp.com\/www.eichsfeldgruene.de\/WP\/wp-content\/uploads\/2021\/06\/Aufstellungsversammlung_1-rotated.jpg?fit=1200%2C900&resize=700%2C400 2x, https:\/\/i0.wp.com\/www.eichsfeldgruene.de\/WP\/wp-content\/uploads\/2021\/06\/Aufstellungsversammlung_1-rotated.jpg?fit=1200%2C900&resize=1050%2C600 3x"},"classes":[]}],"publishpress_future_action":{"enabled":false,"date":"2026-05-08 15:42:19","action":"change-status","newStatus":"draft","terms":[],"taxonomy":"category","extraData":[]},"publishpress_future_workflow_manual_trigger":{"enabledWorkflows":[]},"_links":{"self":[{"href":"http:\/\/www.eichsfeldgruene.de\/WP\/wp-json\/wp\/v2\/posts\/124","targetHints":{"allow":["GET"]}}],"collection":[{"href":"http:\/\/www.eichsfeldgruene.de\/WP\/wp-json\/wp\/v2\/posts"}],"about":[{"href":"http:\/\/www.eichsfeldgruene.de\/WP\/wp-json\/wp\/v2\/types\/post"}],"author":[{"embeddable":true,"href":"http:\/\/www.eichsfeldgruene.de\/WP\/wp-json\/wp\/v2\/users\/3"}],"replies":[{"embeddable":true,"href":"http:\/\/www.eichsfeldgruene.de\/WP\/wp-json\/wp\/v2\/comments?post=124"}],"version-history":[{"count":0,"href":"http:\/\/www.eichsfeldgruene.de\/WP\/wp-json\/wp\/v2\/posts\/124\/revisions"}],"wp:featuredmedia":[{"embeddable":true,"href":"http:\/\/www.eichsfeldgruene.de\/WP\/wp-json\/wp\/v2\/media\/89"}],"wp:attachment":[{"href":"http:\/\/www.eichsfeldgruene.de\/WP\/wp-json\/wp\/v2\/media?parent=124"}],"wp:term":[{"taxonomy":"category","embeddable":true,"href":"http:\/\/www.eichsfeldgruene.de\/WP\/wp-json\/wp\/v2\/categories?post=124"},{"taxonomy":"post_tag","embeddable":true,"href":"http:\/\/www.eichsfeldgruene.de\/WP\/wp-json\/wp\/v2\/tags?post=124"}],"curies":[{"name":"wp","href":"https:\/\/api.w.org\/{rel}","templated":true}]}}