{"id":1365,"date":"2020-02-18T16:28:44","date_gmt":"2020-02-18T15:28:44","guid":{"rendered":"http:\/\/www.eichsfeldgruene.de\/WP\/?p=1365"},"modified":"2020-02-18T16:29:26","modified_gmt":"2020-02-18T15:29:26","slug":"eichsfeldgruene-setzen-auf-starke-zivilgesellschaft-nachhaltigkeit-und-biologische-vielfalt","status":"publish","type":"post","link":"http:\/\/www.eichsfeldgruene.de\/WP\/eichsfeldgruene-setzen-auf-starke-zivilgesellschaft-nachhaltigkeit-und-biologische-vielfalt\/","title":{"rendered":"Eichsfeldgr\u00fcne setzen auf starke Zivilgesellschaft, Nachhaltigkeit und biologische Vielfalt"},"content":{"rendered":"\n<div data-canvas-width=\"575.1386666666663\">B\u00dcNDNIS 90\/DIE GR\u00dcNEN im Eichsfeld haben am Samstag, den 08. Februar 2020 einen Kreisvorstand f\u00fcr die kommenden zwei Jahre gew\u00e4hlt. Die neue Doppelspitze aus Katharina P\u00e4tzold und Norbert Sondermann kommt aus Heiligenstadt und will die erfolgreiche Arbeit der vergangenen Jahre fortsetzen. Neben Schatzmeister Thomas Keppler aus Kreuzebra wurden Lothar Wandt aus Brehme und Simeon Schroeter aus Dingelst\u00e4dt von den Mitgliedern des Kreisverbandes als Beisitzer gew\u00e4hlt. \u201eDamit sind wir Eichsfeldgr\u00fcne j\u00fcnger und weiblicher geworden. Gleichzeitig setzen wir auf<\/div>\n<div data-canvas-width=\"600.072\">die langj\u00e4hrige Erfahrung unserer \u00e4lteren Mitglieder, die Mischung stimmt\u201c, findet Katharina P\u00e4tzold.<\/div>\n<div data-canvas-width=\"572.308\">Die Eichsfeldgr\u00fcnen konnten in ihrer Jahreshauptversammlung auf ein ereignisreiches Jahr 2019 zur\u00fcckblicken. \u201eImmerhin haben wir im Eichsfeld unsere bisher besten Wahlergebnisse seit 1990 geschafft, sowohl bei den Kommunal-, den Europa- als auch bei den Landtagswahlen. Hinzu kommen<\/div>\n<div data-canvas-width=\"584.5693333333334\">zahlreiche Neumitglieder sowie mehr als 50 mitgliederoffene und \u00f6ffentlichen Veranstaltungen im vergangenen Jahr. Das ist Spitze und hat unsere Wahrnehmung in der \u00d6ffentlichkeit deutlich erh\u00f6ht\u201c, findet der alte und neue Kreissprecher Norbert Sondermann.<\/div>\n<div data-canvas-width=\"586.7253333333331\">Unter dem Eindruck der Ereignisse im Land wollen sich die Eichsfeldgr\u00fcnen weiter f\u00fcr die St\u00e4rkung der Zivilgesellschaft einsetzen. Daneben sollen gerade den Themen des l\u00e4ndlichen Raums wie Wald,<\/div>\n<div data-canvas-width=\"546.2453333333333\">Landwirtschaft und dem Erhalt der biologischen Vielfalt eine noch st\u00e4rkere Aufmerksamkeit geschenkt werden. Zudem wollen die Eichsfeldgr\u00fcnen eigene Nachhaltigkeitsprojekte wie das Fairteilerregal oder eine Verschenkeflohmarkt fortsetzen und ausweiten. Passend zu mehr<\/div>\n<div data-canvas-width=\"560.3106666666667\">Insektenfreundlichkeit f\u00fchrte abschlie\u00dfend Imkerin Dagmar Blacha aus Ferna mit dem Vortrag \u201eSummende G\u00e4rten\u201c durch ein Bienenjahr. Denn gerade Vorg\u00e4rten und G\u00e4rten bieten zahlreiche individuelle M\u00f6glichkeiten, wildlebenden Insekten wie Honigbienen ein zuhause zu bieten.<\/div>\n<div data-canvas-width=\"560.3106666666667\">\u00a0<\/div>\n<div>\u00a0<\/div>\n<div class=\"twoclick_social_bookmarks_post_1365 social_share_privacy clearfix 1.6.4 locale-de_DE sprite-de_DE\"><\/div><div class=\"twoclick-js\"><script type=\"text\/javascript\">\/* <![CDATA[ *\/\njQuery(document).ready(function($){if($('.twoclick_social_bookmarks_post_1365')){$('.twoclick_social_bookmarks_post_1365').socialSharePrivacy({\"services\":{\"facebook\":{\"status\":\"on\",\"txt_info\":\"2 Klicks f\\u00fcr mehr Datenschutz: Erst wenn Sie hier klicken, wird der Button aktiv und Sie k\\u00f6nnen Ihre Empfehlung an Facebook senden. Schon beim Aktivieren werden Daten an Dritte \\u00fcbertragen - siehe <em>i<\\\/em>.\",\"perma_option\":\"off\",\"action\":\"like\",\"language\":\"de_DE\"},\"twitter\":{\"reply_to\":\"\",\"tweet_text\":\"%20Eichsfeldgr%C3%BCne%20setzen%20auf%20starke%20Zivilgesellschaft%2C%20Nachhaltigkeit%20und%20biologische%20...\",\"status\":\"on\",\"txt_info\":\"2 Klicks f\\u00fcr mehr Datenschutz: Erst wenn Sie hier klicken, wird der Button aktiv und Sie k\\u00f6nnen Ihre Empfehlung an Twitter senden. Schon beim Aktivieren werden Daten an Dritte \\u00fcbertragen - siehe <em>i<\\\/em>.\",\"perma_option\":\"off\",\"language\":\"de\",\"referrer_track\":\"\"},\"gplus\":{\"status\":\"on\",\"txt_info\":\"2 Klicks f\\u00fcr mehr Datenschutz: Erst wenn Sie hier klicken, wird der Button aktiv und Sie k\\u00f6nnen Ihre Empfehlung an Google+ senden. Schon beim Aktivieren werden Daten an Dritte \\u00fcbertragen - siehe <em>i<\\\/em>.\",\"perma_option\":\"off\",\"referrer_track\":\"\"},\"pinterest\":{\"status\":\"on\",\"the_excerpt\":\"Eichsfeldgr\\u00fcne setzen auf starke Zivilgesellschaft, Nachhaltigkeit und biologische Vielfalt\",\"txt_info\":\"2 Klicks f\\u00fcr mehr Datenschutz: Erst wenn Sie hier klicken, wird der Button aktiv und Sie k\\u00f6nnen Ihre Empfehlung an Pinterest senden. Schon beim Aktivieren werden Daten an Dritte \\u00fcbertragen - siehe <em>i<\\\/em>.\",\"perma_option\":\"off\",\"media\":\"http:\\\/\\\/www.eichsfeldgruene.de\\\/WP\\\/wp-content\\\/uploads\\\/2020\\\/02\\\/picture-1.jpg\"},\"linkedin\":{\"status\":\"on\",\"txt_info\":\"2 Klicks f\\u00fcr mehr Datenschutz: Erst wenn Sie hier klicken, wird der Button aktiv und Sie k\\u00f6nnen Ihre Empfehlung an LinkedIn senden. Schon beim Aktivieren werden Daten an Dritte \\u00fcbertragen - siehe <em>i<\\\/em>.\",\"perma_option\":\"off\"}},\"txt_help\":\"Wenn Sie diese Felder durch einen Klick aktivieren, werden Informationen an Facebook, Twitter, Flattr, Xing, t3n, LinkedIn, Pinterest oder Google eventuell ins Ausland \\u00fcbertragen und unter Umst\\u00e4nden auch dort gespeichert. N\\u00e4heres erfahren Sie durch einen Klick auf das <em>i<\\\/em>.\",\"settings_perma\":\"Dauerhaft aktivieren und Daten\\u00fcber-tragung zustimmen:\",\"info_link\":\"http:\\\/\\\/www.heise.de\\\/ct\\\/artikel\\\/2-Klicks-fuer-mehr-Datenschutz-1333879.html\",\"uri\":\"http:\\\/\\\/www.eichsfeldgruene.de\\\/WP\\\/eichsfeldgruene-setzen-auf-starke-zivilgesellschaft-nachhaltigkeit-und-biologische-vielfalt\\\/\",\"post_id\":1365,\"post_title_referrer_track\":\"Eichsfeldgr%C3%BCne+setzen+auf+starke+Zivilgesellschaft%2C+Nachhaltigkeit+und+biologische+Vielfalt\",\"display_infobox\":\"on\"});}});\n\/* ]]> *\/<\/script><\/div>","protected":false},"excerpt":{"rendered":"<p>B\u00dcNDNIS 90\/DIE GR\u00dcNEN im Eichsfeld haben am Samstag, den 08. Februar 2020 einen Kreisvorstand f\u00fcr die kommenden zwei Jahre gew\u00e4hlt. Die neue Doppelspitze aus Katharina P\u00e4tzold und Norbert Sondermann kommt [&hellip;]<\/p>\n","protected":false},"author":-1,"featured_media":1366,"comment_status":"closed","ping_status":"closed","sticky":false,"template":"","format":"standard","meta":{"_jetpack_newsletter_access":"","_jetpack_dont_email_post_to_subs":false,"_jetpack_newsletter_tier_id":0,"_jetpack_memberships_contains_paywalled_content":false,"_jetpack_memberships_contains_paid_content":false,"footnotes":""},"categories":[2],"tags":[50,51,7],"class_list":["post-1365","post","type-post","status-publish","format-standard","has-post-thumbnail","hentry","category-kreisverband","tag-kreisverband","tag-sprecher","tag-vorstand"],"jetpack_featured_media_url":"https:\/\/i0.wp.com\/www.eichsfeldgruene.de\/WP\/wp-content\/uploads\/2020\/02\/picture-1.jpg?fit=1024%2C538","jetpack_sharing_enabled":true,"jetpack_shortlink":"https:\/\/wp.me\/p8yqO4-m1","jetpack-related-posts":[{"id":7390,"url":"http:\/\/www.eichsfeldgruene.de\/WP\/unser-neues-team-an-der-spitze-des-eichsfelder-kreisverbands\/","url_meta":{"origin":1365,"position":0},"title":"Unser neues Team an der Spitze des Eichsfelder Kreisverbands","author":"Information","date":"18. Juni 2024","format":false,"excerpt":"In unserer Jahreshauptversammlung am 18. Juni 2024 haben wir nicht nur \u00fcber die zur\u00fcckliegenden Kommunalwahlen und die zuk\u00fcnftige Landtagswahl gesprochen, sondern auch ein neues Leitungsteam f\u00fcr unseren Kreisverband gew\u00e4hlt. An die Stelle unserer langj\u00e4hrigen Sprecherin Katharina P\u00e4tzold, die als einzige Gr\u00fcne einen Sitz im Kreistag des Landkreises gewinnen konnte, tritt\u2026","rel":"","context":"In &quot;Allgemein&quot;","block_context":{"text":"Allgemein","link":"http:\/\/www.eichsfeldgruene.de\/WP\/Thema\/allgemein\/"},"img":{"alt_text":"","src":"https:\/\/i0.wp.com\/www.eichsfeldgruene.de\/WP\/wp-content\/uploads\/2024\/08\/Neuer-Vorstand-2024-scaled.jpg?fit=1200%2C900&resize=350%2C200","width":350,"height":200,"srcset":"https:\/\/i0.wp.com\/www.eichsfeldgruene.de\/WP\/wp-content\/uploads\/2024\/08\/Neuer-Vorstand-2024-scaled.jpg?fit=1200%2C900&resize=350%2C200 1x, https:\/\/i0.wp.com\/www.eichsfeldgruene.de\/WP\/wp-content\/uploads\/2024\/08\/Neuer-Vorstand-2024-scaled.jpg?fit=1200%2C900&resize=525%2C300 1.5x, https:\/\/i0.wp.com\/www.eichsfeldgruene.de\/WP\/wp-content\/uploads\/2024\/08\/Neuer-Vorstand-2024-scaled.jpg?fit=1200%2C900&resize=700%2C400 2x, https:\/\/i0.wp.com\/www.eichsfeldgruene.de\/WP\/wp-content\/uploads\/2024\/08\/Neuer-Vorstand-2024-scaled.jpg?fit=1200%2C900&resize=1050%2C600 3x"},"classes":[]},{"id":1896,"url":"http:\/\/www.eichsfeldgruene.de\/WP\/gruene-kandidatin-fuer-den-bundestagswahlkreis-189-gewaehlt\/","url_meta":{"origin":1365,"position":1},"title":"Gr\u00fcne Kandidatin f\u00fcr den Bundestagswahlkreis 189 gew\u00e4hlt","author":"Norbert Sondermann","date":"23. Juni 2021","format":false,"excerpt":"Heike M\u00f6ller: Lebenswichtige Strukturen auf dem Land st\u00e4rken Am Donnerstag (17.06.) haben die Mitglieder der Kreisverb\u00e4nde von B\u00dcNDNIS 90\/DIE GR\u00dcNEN aus dem Kyffh\u00e4userkreis, aus Nordhausen und dem Eichsfeld die Entscheidung f\u00fcr eine gemeinsame Direktkandidatin f\u00fcr den Bundestagswahlkampf im Wahlkreis 189 getroffen. In einer Aufstellungsversammlung in der Nordh\u00e4user Rothleimm\u00fchle wurde Heike\u2026","rel":"","context":"In &quot;Bundestagswahl&quot;","block_context":{"text":"Bundestagswahl","link":"http:\/\/www.eichsfeldgruene.de\/WP\/Thema\/wahlen\/bundestagswahl\/"},"img":{"alt_text":"","src":"https:\/\/i0.wp.com\/www.eichsfeldgruene.de\/WP\/wp-content\/uploads\/2021\/06\/Aufstellungsversammlung_1-rotated.jpg?fit=1200%2C900&resize=350%2C200","width":350,"height":200,"srcset":"https:\/\/i0.wp.com\/www.eichsfeldgruene.de\/WP\/wp-content\/uploads\/2021\/06\/Aufstellungsversammlung_1-rotated.jpg?fit=1200%2C900&resize=350%2C200 1x, https:\/\/i0.wp.com\/www.eichsfeldgruene.de\/WP\/wp-content\/uploads\/2021\/06\/Aufstellungsversammlung_1-rotated.jpg?fit=1200%2C900&resize=525%2C300 1.5x, https:\/\/i0.wp.com\/www.eichsfeldgruene.de\/WP\/wp-content\/uploads\/2021\/06\/Aufstellungsversammlung_1-rotated.jpg?fit=1200%2C900&resize=700%2C400 2x, https:\/\/i0.wp.com\/www.eichsfeldgruene.de\/WP\/wp-content\/uploads\/2021\/06\/Aufstellungsversammlung_1-rotated.jpg?fit=1200%2C900&resize=1050%2C600 3x"},"classes":[]},{"id":1726,"url":"http:\/\/www.eichsfeldgruene.de\/WP\/8-maerz-2021-internationaler-frauentag-solidaritaet-mit-den-frauen-in-belarus\/","url_meta":{"origin":1365,"position":2},"title":"8. M\u00c4RZ 2021 Internationaler Frauentag &#8211; Solidarit\u00e4t mit den Frauen in Belarus","author":"Norbert Sondermann","date":"9. M\u00e4rz 2021","format":false,"excerpt":"Mehr als ein halbes Jahr ist es her, dass die Menschen in Belarus in Massen mobilisiert auf die Stra\u00dfen gegangen sind. Alexander Lukaschenko wurde am 09. August vergangenen Jahres in einer international als manipuliert bewerteten Wahl erneut zum Pr\u00e4sidenten der Republik Belarus bzw. von Wei\u00dfrussland gew\u00e4hlt. Seit der Verk\u00fcndung der\u2026","rel":"","context":"In &quot;Aktionen&quot;","block_context":{"text":"Aktionen","link":"http:\/\/www.eichsfeldgruene.de\/WP\/Thema\/kreisverband\/aktionen\/"},"img":{"alt_text":"","src":"https:\/\/i0.wp.com\/www.eichsfeldgruene.de\/WP\/wp-content\/uploads\/2021\/03\/Bildaktion-1.jpg?fit=1200%2C900&resize=350%2C200","width":350,"height":200,"srcset":"https:\/\/i0.wp.com\/www.eichsfeldgruene.de\/WP\/wp-content\/uploads\/2021\/03\/Bildaktion-1.jpg?fit=1200%2C900&resize=350%2C200 1x, https:\/\/i0.wp.com\/www.eichsfeldgruene.de\/WP\/wp-content\/uploads\/2021\/03\/Bildaktion-1.jpg?fit=1200%2C900&resize=525%2C300 1.5x, https:\/\/i0.wp.com\/www.eichsfeldgruene.de\/WP\/wp-content\/uploads\/2021\/03\/Bildaktion-1.jpg?fit=1200%2C900&resize=700%2C400 2x, https:\/\/i0.wp.com\/www.eichsfeldgruene.de\/WP\/wp-content\/uploads\/2021\/03\/Bildaktion-1.jpg?fit=1200%2C900&resize=1050%2C600 3x"},"classes":[]},{"id":1426,"url":"http:\/\/www.eichsfeldgruene.de\/WP\/gruene-machen-buergerumfrage-zum-heiligenstaedter-stadtwald\/","url_meta":{"origin":1365,"position":3},"title":"Gr\u00fcne machen B\u00fcrgerumfrage zum Heiligenst\u00e4dter Stadtwald","author":"Norbert Sondermann","date":"13. Juli 2020","format":false,"excerpt":"Seit Jahren gibt es immer wieder kontroverse Diskussionen zur Bewirtschaftung des 2000 Hektar gro\u00dfen kommunalen Stadtwaldes am Rande von Heiligenstadt (s.a. letzter Beitrag TA 10.07.2020 \u201eDiskussion um Baumf\u00e4llungen unter falschen Voraussetzungen). \u201eDer Umgang mit dem Stadtwald soll mit einer neuen Forsteinrichtung im kommenden Jahr 2021 neu geordnet werden. Weil damit\u2026","rel":"","context":"In &quot;Lokalpolitik&quot;","block_context":{"text":"Lokalpolitik","link":"http:\/\/www.eichsfeldgruene.de\/WP\/Thema\/lokalpolitik\/"},"img":{"alt_text":"Motiv im Stadtwald","src":"https:\/\/i0.wp.com\/www.eichsfeldgruene.de\/WP\/wp-content\/uploads\/2020\/07\/20200314_155747-scaled.jpg?fit=1200%2C900&resize=350%2C200","width":350,"height":200,"srcset":"https:\/\/i0.wp.com\/www.eichsfeldgruene.de\/WP\/wp-content\/uploads\/2020\/07\/20200314_155747-scaled.jpg?fit=1200%2C900&resize=350%2C200 1x, https:\/\/i0.wp.com\/www.eichsfeldgruene.de\/WP\/wp-content\/uploads\/2020\/07\/20200314_155747-scaled.jpg?fit=1200%2C900&resize=525%2C300 1.5x, https:\/\/i0.wp.com\/www.eichsfeldgruene.de\/WP\/wp-content\/uploads\/2020\/07\/20200314_155747-scaled.jpg?fit=1200%2C900&resize=700%2C400 2x, https:\/\/i0.wp.com\/www.eichsfeldgruene.de\/WP\/wp-content\/uploads\/2020\/07\/20200314_155747-scaled.jpg?fit=1200%2C900&resize=1050%2C600 3x"},"classes":[]},{"id":79,"url":"http:\/\/www.eichsfeldgruene.de\/WP\/79\/","url_meta":{"origin":1365,"position":4},"title":"25 Jahre Kreisverband Eichsfeld","author":"Claudius Hille","date":"17. September 2015","format":false,"excerpt":"Am 17. September 2015 lud der Kreisverband Eichsfeld zum Jubil\u00e4um \u201e25 Jahre GR\u00dcN im Eichsfeld\u201c in die Heiligenst\u00e4dter Herrnm\u00fchle ein. Wir wollten auf eine politisch ereignisreiche Zeit seit der friedlichen Revolution in der DDR zur\u00fcckschauen und haben uns mit Katrin G\u00f6ring-Eckardt, Fraktionsvorsitzende von B\u00fcndnis 90\/Die Gr\u00fcnen im Deutschen Bundestag und\u2026","rel":"","context":"In &quot;Allgemein&quot;","block_context":{"text":"Allgemein","link":"http:\/\/www.eichsfeldgruene.de\/WP\/Thema\/allgemein\/"},"img":{"alt_text":"","src":"https:\/\/i0.wp.com\/www.eichsfeldgruene.de\/WP\/wp-content\/uploads\/2017\/03\/25-Jahre-KV-Eichsfeld-2-e1490105364505.jpg?fit=640%2C478&resize=350%2C200","width":350,"height":200,"srcset":"https:\/\/i0.wp.com\/www.eichsfeldgruene.de\/WP\/wp-content\/uploads\/2017\/03\/25-Jahre-KV-Eichsfeld-2-e1490105364505.jpg?fit=640%2C478&resize=350%2C200 1x, https:\/\/i0.wp.com\/www.eichsfeldgruene.de\/WP\/wp-content\/uploads\/2017\/03\/25-Jahre-KV-Eichsfeld-2-e1490105364505.jpg?fit=640%2C478&resize=525%2C300 1.5x"},"classes":[]},{"id":1466,"url":"http:\/\/www.eichsfeldgruene.de\/WP\/online-umfrage-zum-heiligenstaedter-stadtwald\/","url_meta":{"origin":1365,"position":5},"title":"Online-Umfrage zum Heiligenst\u00e4dter Stadtwald","author":"Norbert Sondermann","date":"31. August 2020","format":false,"excerpt":"Bis zum 14. September darf noch gevotet werden Mitte Juli 2020 hatten die Eichsfeldgr\u00fcnen eine Umfrage initiiert und ver\u00f6ffentlicht, mit der sich die B\u00fcrgerinnen und B\u00fcrger aus der Kreisstadt an der Diskussion um die Forsteinrichtung beteiligen k\u00f6nnen. \u201eDas aktuelle Zwischenfazit zeigt, dass das Thema die Menschen tats\u00e4chlich bewegt. Immerhin hatten\u2026","rel":"","context":"In &quot;Kreisverband&quot;","block_context":{"text":"Kreisverband","link":"http:\/\/www.eichsfeldgruene.de\/WP\/Thema\/kreisverband\/"},"img":{"alt_text":"","src":"https:\/\/i0.wp.com\/www.eichsfeldgruene.de\/WP\/wp-content\/uploads\/2020\/08\/IMG_4556.jpg?fit=480%2C640&resize=350%2C200","width":350,"height":200},"classes":[]}],"publishpress_future_action":{"enabled":false,"date":"2026-05-09 10:34:19","action":"change-status","newStatus":"draft","terms":[],"taxonomy":"category","extraData":[]},"publishpress_future_workflow_manual_trigger":{"enabledWorkflows":[]},"_links":{"self":[{"href":"http:\/\/www.eichsfeldgruene.de\/WP\/wp-json\/wp\/v2\/posts\/1365","targetHints":{"allow":["GET"]}}],"collection":[{"href":"http:\/\/www.eichsfeldgruene.de\/WP\/wp-json\/wp\/v2\/posts"}],"about":[{"href":"http:\/\/www.eichsfeldgruene.de\/WP\/wp-json\/wp\/v2\/types\/post"}],"author":[{"embeddable":true,"href":"http:\/\/www.eichsfeldgruene.de\/WP\/wp-json\/wp\/v2\/users\/5"}],"replies":[{"embeddable":true,"href":"http:\/\/www.eichsfeldgruene.de\/WP\/wp-json\/wp\/v2\/comments?post=1365"}],"version-history":[{"count":0,"href":"http:\/\/www.eichsfeldgruene.de\/WP\/wp-json\/wp\/v2\/posts\/1365\/revisions"}],"wp:featuredmedia":[{"embeddable":true,"href":"http:\/\/www.eichsfeldgruene.de\/WP\/wp-json\/wp\/v2\/media\/1366"}],"wp:attachment":[{"href":"http:\/\/www.eichsfeldgruene.de\/WP\/wp-json\/wp\/v2\/media?parent=1365"}],"wp:term":[{"taxonomy":"category","embeddable":true,"href":"http:\/\/www.eichsfeldgruene.de\/WP\/wp-json\/wp\/v2\/categories?post=1365"},{"taxonomy":"post_tag","embeddable":true,"href":"http:\/\/www.eichsfeldgruene.de\/WP\/wp-json\/wp\/v2\/tags?post=1365"}],"curies":[{"name":"wp","href":"https:\/\/api.w.org\/{rel}","templated":true}]}}