{"id":194,"date":"2017-01-21T15:00:49","date_gmt":"2017-01-21T14:00:49","guid":{"rendered":"http:\/\/www.eichsfeldgruene.de\/WP\/?p=194"},"modified":"2017-04-05T16:46:18","modified_gmt":"2017-04-05T14:46:18","slug":"direktkandidatin-fuer-die-bundestagswahl-2017-gewaehlt","status":"publish","type":"post","link":"http:\/\/www.eichsfeldgruene.de\/WP\/direktkandidatin-fuer-die-bundestagswahl-2017-gewaehlt\/","title":{"rendered":"Direktkandidatin f\u00fcr die Bundestagswahl 2017 gew\u00e4hlt"},"content":{"rendered":"<p>In einer Gr\u00fcnen Mitgliederversammlung der drei Kreisverb\u00e4nde in Nordhausen im Weltladen wurde die 31j\u00e4hrige Stephanie Kespohl aus Elende im Landkreis Nordhausen einstimmig als gr\u00fcne Spitzenfrau f\u00fcr Nordth\u00fcringen gew\u00e4hlt. Anschlie\u00dfend wurden erste wichtige Themen, wie zum Beispiel die Entwicklung im l\u00e4ndlichen Raum, die Verkehrs- und Energiewende sowie der Natur- und Umweltschutz gemeinsam besprochen.<\/p>\n<p>\u201eWir haben mit dem Gr\u00fcnen Band, dem Gipskarst im S\u00fcdharz, dem Kyffh\u00e4user und der Hohen Schrecke Gebiete von bundes- und europaweiter Bedeutung f\u00fcr den Naturschutz, f\u00fcr die ich mich auf Bundesebene einsetzen werde. Hinzu kommt der Possen in der Hainleite bei Sondershausen. Wenn dieser Wald, wie im Koalitionsvertrag der Landesregierung verankert, aus der forstlichen Nutzung genommen wird, kann sich hier Waldwildnis entwickeln\u201c, erkl\u00e4rt die gr\u00fcne Politikerin nach einer intensiven Diskussion mit den Teilnehmern der Wahlveranstaltung. Der nachhaltige Schutz der Natur und der vorhandenen Ressourcen ist ihr eine Herzensangelegenheit.<br \/>\nDie gr\u00fcne Direktkandidatin verdeutlichte weiter: \u201eB\u00fcndnis 90\/Die Gr\u00fcnen wollen deshalb die Natur in Nordth\u00fcringen als Wirtschaftsfaktor stark in den Vordergrund r\u00fccken. Denn wir leben in einer Region in der Mensch und Natur eine Chance zum Aufatmen haben. Das m\u00f6chten wir st\u00e4rker als bisher in Wert setzen und zur Basis einer nachhaltigen Regionalentwicklung machen. Das bedeutet unter dem Strich Arbeitspl\u00e4tze in Handwerk, in umweltgerechter Landwirtwirtschaft und der Gastronomie. Ein besonderer Fokus liegt dabei f\u00fcr mich auf Gesundheits- und Naturtourismus, sodass wir das Potential in Nordth\u00fcringen noch besser entwickeln k\u00f6nnen.\u201c<\/p>\n<p>Eine konsequente Absage erteilen die B\u00fcndnisgr\u00fcnen daher dem Raubbau am Gipskarst im S\u00fcdharz. Der fortgesetzte Abbau schw\u00e4cht die langfristigen Perspektiven der Region. Daher ist ein kluger Moderationsprozess wichtig, der die Menschen mitnimmt. \u201eEs ist mir wichtig, dass am Ende dieses Prozesses die Ausweisung eines Biosph\u00e4renreservates S\u00fcdharz steht\u201c unterstrich Stephanie Kespohl die gr\u00fcne Forderung, f\u00fcr die sie sich auch im Bundestagswahlkampf und auf Bundesebene stark machen will.<\/p>\n<p>Ein weiteres wichtiges Thema w\u00e4hrend der Versammlung war die Abkehr von der Massentierhaltung hin zu mehr Tierwohl und damit ges\u00fcnderen Lebensmitteln. Ob nun in Steinheuterode, in Nordhausen oder in Auleben: die Menschen im Umfeld von St\u00e4llen wollen ebenfalls ohne gravierende Beeintr\u00e4chtigungen leben, die ungen\u00fcgende Haltungsbedingungen und zu hohe Tierzahlen mit sich bringen. Deshalb m\u00f6chte sich die Direktkandidatin auch f\u00fcr eine bessere Kennzeichnungspflicht guter Lebensmittel und damit f\u00fcr eine h\u00f6here Akzeptanz sorgsam erzeugter Lebensmittel an den K\u00fchltheken und Kassen dieses Landes einsetzen. Die Gr\u00fcnen machen sich stark f\u00fcr eine Wende in der festgefahrenen Landwirtschaftspolitik des Bundes, da waren sich die Mitglieder einig.<\/p>\n<p>Neben der St\u00e4rkung von Bildung sowie der Gesundheitsversorgung in Nordth\u00fcringen wollen die B\u00fcndnisgr\u00fcnen die bestehenden Kultureinrichtungen wie Theater Nordhausen mit dem Loh-Orchester weiter sichern. Das ist eine wichtige kulturelle Klammer f\u00fcr Nordth\u00fcringen mit vielen G\u00e4sten aus den drei Landkreisen. Solche Leuchtt\u00fcrme st\u00e4rken nicht nur das regionale Selbstbewusstsein sondern geh\u00f6ren zu den wichtigen Standortfaktoren f\u00fcr die Region zwischen Eichsfeld, Harz und Hainleite. Das gilt im \u00dcbrigen auch f\u00fcr die \u00fcberregional bedeutende Hochschule in Nordhausen, in der auch Stephanie Kespohl den Weg ihrer Berufsausbildung begonnen und ihren Grundstein in Nordth\u00fcringen vor \u00fcber 12 Jahren gelegt hat.<\/p>\n<p>\u201eMir ist es bewusst, dass der Wahlkampf eine herausfordernde Zeit darstellt. Ich freue mich sehr darauf mit den Menschen der Region noch st\u00e4rker ins Gespr\u00e4ch zu kommen und sie mitzunehmen. Dabei unterst\u00fctzt mich ein motiviertes und starkes Team \u00fcber dessen Vertrauen ich mich sehr freue\u201c, so Stephanie Kespohl abschlie\u00dfend.<\/p>\n<div class=\"twoclick_social_bookmarks_post_194 social_share_privacy clearfix 1.6.4 locale-de_DE sprite-de_DE\"><\/div><div class=\"twoclick-js\"><script type=\"text\/javascript\">\/* <![CDATA[ *\/\njQuery(document).ready(function($){if($('.twoclick_social_bookmarks_post_194')){$('.twoclick_social_bookmarks_post_194').socialSharePrivacy({\"services\":{\"facebook\":{\"status\":\"on\",\"txt_info\":\"2 Klicks f\\u00fcr mehr Datenschutz: Erst wenn Sie hier klicken, wird der Button aktiv und Sie k\\u00f6nnen Ihre Empfehlung an Facebook senden. Schon beim Aktivieren werden Daten an Dritte \\u00fcbertragen - siehe <em>i<\\\/em>.\",\"perma_option\":\"off\",\"action\":\"like\",\"language\":\"de_DE\"},\"twitter\":{\"reply_to\":\"\",\"tweet_text\":\"%20Direktkandidatin%20f%C3%BCr%20die%20Bundestagswahl%202017%20gew%C3%A4hlt%20%C2%BB%20www.eichsfeldgruene.de%20...\",\"status\":\"on\",\"txt_info\":\"2 Klicks f\\u00fcr mehr Datenschutz: Erst wenn Sie hier klicken, wird der Button aktiv und Sie k\\u00f6nnen Ihre Empfehlung an Twitter senden. Schon beim Aktivieren werden Daten an Dritte \\u00fcbertragen - siehe <em>i<\\\/em>.\",\"perma_option\":\"off\",\"language\":\"de\",\"referrer_track\":\"\"},\"gplus\":{\"status\":\"on\",\"txt_info\":\"2 Klicks f\\u00fcr mehr Datenschutz: Erst wenn Sie hier klicken, wird der Button aktiv und Sie k\\u00f6nnen Ihre Empfehlung an Google+ senden. Schon beim Aktivieren werden Daten an Dritte \\u00fcbertragen - siehe <em>i<\\\/em>.\",\"perma_option\":\"off\",\"referrer_track\":\"\"},\"pinterest\":{\"status\":\"on\",\"the_excerpt\":\"Direktkandidatin f\\u00fcr die Bundestagswahl 2017 gew\\u00e4hlt\",\"txt_info\":\"2 Klicks f\\u00fcr mehr Datenschutz: Erst wenn Sie hier klicken, wird der Button aktiv und Sie k\\u00f6nnen Ihre Empfehlung an Pinterest senden. Schon beim Aktivieren werden Daten an Dritte \\u00fcbertragen - siehe <em>i<\\\/em>.\",\"perma_option\":\"off\",\"media\":\"http:\\\/\\\/www.eichsfeldgruene.de\\\/WP\\\/wp-content\\\/uploads\\\/2017\\\/04\\\/1024_436192_0121_87520639.jpg\"},\"linkedin\":{\"status\":\"on\",\"txt_info\":\"2 Klicks f\\u00fcr mehr Datenschutz: Erst wenn Sie hier klicken, wird der Button aktiv und Sie k\\u00f6nnen Ihre Empfehlung an LinkedIn senden. Schon beim Aktivieren werden Daten an Dritte \\u00fcbertragen - siehe <em>i<\\\/em>.\",\"perma_option\":\"off\"}},\"txt_help\":\"Wenn Sie diese Felder durch einen Klick aktivieren, werden Informationen an Facebook, Twitter, Flattr, Xing, t3n, LinkedIn, Pinterest oder Google eventuell ins Ausland \\u00fcbertragen und unter Umst\\u00e4nden auch dort gespeichert. N\\u00e4heres erfahren Sie durch einen Klick auf das <em>i<\\\/em>.\",\"settings_perma\":\"Dauerhaft aktivieren und Daten\\u00fcber-tragung zustimmen:\",\"info_link\":\"http:\\\/\\\/www.heise.de\\\/ct\\\/artikel\\\/2-Klicks-fuer-mehr-Datenschutz-1333879.html\",\"uri\":\"http:\\\/\\\/www.eichsfeldgruene.de\\\/WP\\\/direktkandidatin-fuer-die-bundestagswahl-2017-gewaehlt\\\/\",\"post_id\":194,\"post_title_referrer_track\":\"Direktkandidatin+f%C3%BCr+die+Bundestagswahl+2017+gew%C3%A4hlt\",\"display_infobox\":\"on\"});}});\n\/* ]]> *\/<\/script><\/div>","protected":false},"excerpt":{"rendered":"<p>In einer Gr\u00fcnen Mitgliederversammlung der drei Kreisverb\u00e4nde in Nordhausen im Weltladen wurde die 31j\u00e4hrige Stephanie Kespohl aus Elende im Landkreis Nordhausen einstimmig als gr\u00fcne Spitzenfrau f\u00fcr Nordth\u00fcringen gew\u00e4hlt. Anschlie\u00dfend wurden [&hellip;]<\/p>\n","protected":false},"author":-1,"featured_media":196,"comment_status":"open","ping_status":"open","sticky":false,"template":"","format":"standard","meta":{"_jetpack_newsletter_access":"","_jetpack_dont_email_post_to_subs":false,"_jetpack_newsletter_tier_id":0,"_jetpack_memberships_contains_paywalled_content":false,"_jetpack_memberships_contains_paid_content":false,"footnotes":""},"categories":[23,22],"tags":[29,30],"class_list":["post-194","post","type-post","status-publish","format-standard","has-post-thumbnail","hentry","category-bundestagswahl","category-wahlen","tag-direktkandidat","tag-wahlkampf"],"jetpack_featured_media_url":"https:\/\/i0.wp.com\/www.eichsfeldgruene.de\/WP\/wp-content\/uploads\/2017\/04\/1024_436192_0121_87520639.jpg?fit=1024%2C487","jetpack_sharing_enabled":false,"jetpack_shortlink":"https:\/\/wp.me\/p8yqO4-38","jetpack-related-posts":[{"id":1896,"url":"http:\/\/www.eichsfeldgruene.de\/WP\/gruene-kandidatin-fuer-den-bundestagswahlkreis-189-gewaehlt\/","url_meta":{"origin":194,"position":0},"title":"Gr\u00fcne Kandidatin f\u00fcr den Bundestagswahlkreis 189 gew\u00e4hlt","author":"Norbert Sondermann","date":"23. Juni 2021","format":false,"excerpt":"Heike M\u00f6ller: Lebenswichtige Strukturen auf dem Land st\u00e4rken Am Donnerstag (17.06.) haben die Mitglieder der Kreisverb\u00e4nde von B\u00dcNDNIS 90\/DIE GR\u00dcNEN aus dem Kyffh\u00e4userkreis, aus Nordhausen und dem Eichsfeld die Entscheidung f\u00fcr eine gemeinsame Direktkandidatin f\u00fcr den Bundestagswahlkampf im Wahlkreis 189 getroffen. In einer Aufstellungsversammlung in der Nordh\u00e4user Rothleimm\u00fchle wurde Heike\u2026","rel":"","context":"In &quot;Bundestagswahl&quot;","block_context":{"text":"Bundestagswahl","link":"http:\/\/www.eichsfeldgruene.de\/WP\/Thema\/wahlen\/bundestagswahl\/"},"img":{"alt_text":"","src":"https:\/\/i0.wp.com\/www.eichsfeldgruene.de\/WP\/wp-content\/uploads\/2021\/06\/Aufstellungsversammlung_1-rotated.jpg?fit=1200%2C900&resize=350%2C200","width":350,"height":200,"srcset":"https:\/\/i0.wp.com\/www.eichsfeldgruene.de\/WP\/wp-content\/uploads\/2021\/06\/Aufstellungsversammlung_1-rotated.jpg?fit=1200%2C900&resize=350%2C200 1x, https:\/\/i0.wp.com\/www.eichsfeldgruene.de\/WP\/wp-content\/uploads\/2021\/06\/Aufstellungsversammlung_1-rotated.jpg?fit=1200%2C900&resize=525%2C300 1.5x, https:\/\/i0.wp.com\/www.eichsfeldgruene.de\/WP\/wp-content\/uploads\/2021\/06\/Aufstellungsversammlung_1-rotated.jpg?fit=1200%2C900&resize=700%2C400 2x, https:\/\/i0.wp.com\/www.eichsfeldgruene.de\/WP\/wp-content\/uploads\/2021\/06\/Aufstellungsversammlung_1-rotated.jpg?fit=1200%2C900&resize=1050%2C600 3x"},"classes":[]},{"id":7390,"url":"http:\/\/www.eichsfeldgruene.de\/WP\/unser-neues-team-an-der-spitze-des-eichsfelder-kreisverbands\/","url_meta":{"origin":194,"position":1},"title":"Unser neues Team an der Spitze des Eichsfelder Kreisverbands","author":"Information","date":"18. Juni 2024","format":false,"excerpt":"In unserer Jahreshauptversammlung am 18. Juni 2024 haben wir nicht nur \u00fcber die zur\u00fcckliegenden Kommunalwahlen und die zuk\u00fcnftige Landtagswahl gesprochen, sondern auch ein neues Leitungsteam f\u00fcr unseren Kreisverband gew\u00e4hlt. An die Stelle unserer langj\u00e4hrigen Sprecherin Katharina P\u00e4tzold, die als einzige Gr\u00fcne einen Sitz im Kreistag des Landkreises gewinnen konnte, tritt\u2026","rel":"","context":"In &quot;Allgemein&quot;","block_context":{"text":"Allgemein","link":"http:\/\/www.eichsfeldgruene.de\/WP\/Thema\/allgemein\/"},"img":{"alt_text":"","src":"https:\/\/i0.wp.com\/www.eichsfeldgruene.de\/WP\/wp-content\/uploads\/2024\/08\/Neuer-Vorstand-2024-scaled.jpg?fit=1200%2C900&resize=350%2C200","width":350,"height":200,"srcset":"https:\/\/i0.wp.com\/www.eichsfeldgruene.de\/WP\/wp-content\/uploads\/2024\/08\/Neuer-Vorstand-2024-scaled.jpg?fit=1200%2C900&resize=350%2C200 1x, https:\/\/i0.wp.com\/www.eichsfeldgruene.de\/WP\/wp-content\/uploads\/2024\/08\/Neuer-Vorstand-2024-scaled.jpg?fit=1200%2C900&resize=525%2C300 1.5x, https:\/\/i0.wp.com\/www.eichsfeldgruene.de\/WP\/wp-content\/uploads\/2024\/08\/Neuer-Vorstand-2024-scaled.jpg?fit=1200%2C900&resize=700%2C400 2x, https:\/\/i0.wp.com\/www.eichsfeldgruene.de\/WP\/wp-content\/uploads\/2024\/08\/Neuer-Vorstand-2024-scaled.jpg?fit=1200%2C900&resize=1050%2C600 3x"},"classes":[]},{"id":2203,"url":"http:\/\/www.eichsfeldgruene.de\/WP\/katrin-goering-eckardt-besucht-heiligenstadt\/","url_meta":{"origin":194,"position":2},"title":"Katrin G\u00f6ring-Eckardt besucht Heiligenstadt","author":"Norbert Sondermann","date":"14. September 2021","format":false,"excerpt":"Am Freitag, den 17. September 2021, besucht die Spitzenkandidatin der Th\u00fcringer B\u00fcndnisgr\u00fcnen im Bundestagswahlkampf und Fraktionsvorsitzende von B\u00dcNDIS 90\/DIE GR\u00dcNEN im Deutschen Bundestag Heiligenstadt. Sie freut sich dabei auf interessante Gespr\u00e4che mit Eichsfelderinnen und Eichsfeldern. Ab 12:30 Uhr wird sie auf der unteren Wilhelmstra\u00dfe an einem Stand der Eichsfeldgr\u00fcnen \u00fcber\u2026","rel":"","context":"In &quot;Bundespolitik&quot;","block_context":{"text":"Bundespolitik","link":"http:\/\/www.eichsfeldgruene.de\/WP\/Thema\/bundespolitik\/"},"img":{"alt_text":"","src":"https:\/\/i0.wp.com\/www.eichsfeldgruene.de\/WP\/wp-content\/uploads\/2018\/12\/biene_blume.jpg?fit=512%2C205&resize=350%2C200","width":350,"height":200},"classes":[]},{"id":338,"url":"http:\/\/www.eichsfeldgruene.de\/WP\/jahreshauptversammlung-2018-in-reifenstein\/","url_meta":{"origin":194,"position":3},"title":"Jahreshauptversammlung 2018 in Reifenstein","author":"Norbert Sondermann","date":"18. Januar 2018","format":false,"excerpt":"Am Samstag, den 13. Januar 2018, kamen die Mitglieder der Eichsfeldgr\u00fcnen zu ihrer Jahreshauptversammlung im Naturschutzzentrum Reifenstein zusammen. Besonders begr\u00fc\u00dfen konnten die gr\u00fcn engagierten Eichsfelder und Eichsfelderinnen den Fraktionsvorsitzenden der Landtagsfraktion Dirk Adams aus Erfurt. Die lebhafte Diskussion zu bundes- und landespolitischen Themen belegte, wie sehr auch auf regionaler Ebene\u2026","rel":"","context":"In &quot;Kreisverband&quot;","block_context":{"text":"Kreisverband","link":"http:\/\/www.eichsfeldgruene.de\/WP\/Thema\/kreisverband\/"},"img":{"alt_text":"","src":"https:\/\/i0.wp.com\/www.eichsfeldgruene.de\/WP\/wp-content\/uploads\/2018\/01\/JHV-2018_Reifenstein.jpg?fit=960%2C960&resize=350%2C200","width":350,"height":200,"srcset":"https:\/\/i0.wp.com\/www.eichsfeldgruene.de\/WP\/wp-content\/uploads\/2018\/01\/JHV-2018_Reifenstein.jpg?fit=960%2C960&resize=350%2C200 1x, https:\/\/i0.wp.com\/www.eichsfeldgruene.de\/WP\/wp-content\/uploads\/2018\/01\/JHV-2018_Reifenstein.jpg?fit=960%2C960&resize=525%2C300 1.5x, https:\/\/i0.wp.com\/www.eichsfeldgruene.de\/WP\/wp-content\/uploads\/2018\/01\/JHV-2018_Reifenstein.jpg?fit=960%2C960&resize=700%2C400 2x"},"classes":[]},{"id":659,"url":"http:\/\/www.eichsfeldgruene.de\/WP\/aussergewoehnlich-mitgliederversammlung-mit-radiointerview\/","url_meta":{"origin":194,"position":4},"title":"Au\u00dfergew\u00f6hnlich: Mitgliederversammlung mit Radiointerview","author":"Norbert Sondermann","date":"23. November 2018","format":false,"excerpt":"Die Mitgliederversammlung des Kreisverbandes B\u00dcNDNIS 90\/DIE GR\u00dcNEN im Eichsfeld begann am fr\u00fchen Abend des 23. Oktober 2018 mit dem Besuch eines Journalisten aus Berlin. Dieser hatte Fragen zur Entwicklung des Kreisverbandes und zur Motivation einzelner Mitglieder, sich f\u00fcr B\u00dcNDNIS 90\/ DIE GR\u00dcNEN im l\u00e4ndlichen Raum zu engagieren. Derzeit besch\u00e4ftigt der\u2026","rel":"","context":"In &quot;Allgemein&quot;","block_context":{"text":"Allgemein","link":"http:\/\/www.eichsfeldgruene.de\/WP\/Thema\/allgemein\/"},"img":{"alt_text":"","src":"https:\/\/i0.wp.com\/www.eichsfeldgruene.de\/WP\/wp-content\/uploads\/2018\/11\/Bild-2-1.jpg?fit=1200%2C900&resize=350%2C200","width":350,"height":200,"srcset":"https:\/\/i0.wp.com\/www.eichsfeldgruene.de\/WP\/wp-content\/uploads\/2018\/11\/Bild-2-1.jpg?fit=1200%2C900&resize=350%2C200 1x, https:\/\/i0.wp.com\/www.eichsfeldgruene.de\/WP\/wp-content\/uploads\/2018\/11\/Bild-2-1.jpg?fit=1200%2C900&resize=525%2C300 1.5x, https:\/\/i0.wp.com\/www.eichsfeldgruene.de\/WP\/wp-content\/uploads\/2018\/11\/Bild-2-1.jpg?fit=1200%2C900&resize=700%2C400 2x, https:\/\/i0.wp.com\/www.eichsfeldgruene.de\/WP\/wp-content\/uploads\/2018\/11\/Bild-2-1.jpg?fit=1200%2C900&resize=1050%2C600 3x"},"classes":[]},{"id":1365,"url":"http:\/\/www.eichsfeldgruene.de\/WP\/eichsfeldgruene-setzen-auf-starke-zivilgesellschaft-nachhaltigkeit-und-biologische-vielfalt\/","url_meta":{"origin":194,"position":5},"title":"Eichsfeldgr\u00fcne setzen auf starke Zivilgesellschaft, Nachhaltigkeit und biologische Vielfalt","author":"Norbert Sondermann","date":"18. Februar 2020","format":false,"excerpt":"B\u00dcNDNIS 90\/DIE GR\u00dcNEN im Eichsfeld haben am Samstag, den 08. Februar 2020 einen Kreisvorstand f\u00fcr die kommenden zwei Jahre gew\u00e4hlt. Die neue Doppelspitze aus Katharina P\u00e4tzold und Norbert Sondermann kommt aus Heiligenstadt und will die erfolgreiche Arbeit der vergangenen Jahre fortsetzen. Neben Schatzmeister Thomas Keppler aus Kreuzebra wurden Lothar Wandt\u2026","rel":"","context":"In &quot;Kreisverband&quot;","block_context":{"text":"Kreisverband","link":"http:\/\/www.eichsfeldgruene.de\/WP\/Thema\/kreisverband\/"},"img":{"alt_text":"Wir haben einen neuen Vorstand","src":"https:\/\/i0.wp.com\/www.eichsfeldgruene.de\/WP\/wp-content\/uploads\/2020\/02\/picture-1.jpg?fit=1024%2C538&resize=350%2C200","width":350,"height":200,"srcset":"https:\/\/i0.wp.com\/www.eichsfeldgruene.de\/WP\/wp-content\/uploads\/2020\/02\/picture-1.jpg?fit=1024%2C538&resize=350%2C200 1x, https:\/\/i0.wp.com\/www.eichsfeldgruene.de\/WP\/wp-content\/uploads\/2020\/02\/picture-1.jpg?fit=1024%2C538&resize=525%2C300 1.5x, https:\/\/i0.wp.com\/www.eichsfeldgruene.de\/WP\/wp-content\/uploads\/2020\/02\/picture-1.jpg?fit=1024%2C538&resize=700%2C400 2x"},"classes":[]}],"publishpress_future_action":{"enabled":false,"date":"2026-05-09 12:21:40","action":"change-status","newStatus":"draft","terms":[],"taxonomy":"category","extraData":[]},"publishpress_future_workflow_manual_trigger":{"enabledWorkflows":[]},"_links":{"self":[{"href":"http:\/\/www.eichsfeldgruene.de\/WP\/wp-json\/wp\/v2\/posts\/194","targetHints":{"allow":["GET"]}}],"collection":[{"href":"http:\/\/www.eichsfeldgruene.de\/WP\/wp-json\/wp\/v2\/posts"}],"about":[{"href":"http:\/\/www.eichsfeldgruene.de\/WP\/wp-json\/wp\/v2\/types\/post"}],"author":[{"embeddable":true,"href":"http:\/\/www.eichsfeldgruene.de\/WP\/wp-json\/wp\/v2\/users\/5"}],"replies":[{"embeddable":true,"href":"http:\/\/www.eichsfeldgruene.de\/WP\/wp-json\/wp\/v2\/comments?post=194"}],"version-history":[{"count":0,"href":"http:\/\/www.eichsfeldgruene.de\/WP\/wp-json\/wp\/v2\/posts\/194\/revisions"}],"wp:featuredmedia":[{"embeddable":true,"href":"http:\/\/www.eichsfeldgruene.de\/WP\/wp-json\/wp\/v2\/media\/196"}],"wp:attachment":[{"href":"http:\/\/www.eichsfeldgruene.de\/WP\/wp-json\/wp\/v2\/media?parent=194"}],"wp:term":[{"taxonomy":"category","embeddable":true,"href":"http:\/\/www.eichsfeldgruene.de\/WP\/wp-json\/wp\/v2\/categories?post=194"},{"taxonomy":"post_tag","embeddable":true,"href":"http:\/\/www.eichsfeldgruene.de\/WP\/wp-json\/wp\/v2\/tags?post=194"}],"curies":[{"name":"wp","href":"https:\/\/api.w.org\/{rel}","templated":true}]}}