{"id":249,"date":"2017-04-27T14:01:32","date_gmt":"2017-04-27T12:01:32","guid":{"rendered":"http:\/\/www.eichsfeldgruene.de\/WP\/?p=249"},"modified":"2017-04-27T14:03:04","modified_gmt":"2017-04-27T12:03:04","slug":"die-eichsfelder-gruenen-melden-sich-zur-gebietsreform","status":"publish","type":"post","link":"http:\/\/www.eichsfeldgruene.de\/WP\/die-eichsfelder-gruenen-melden-sich-zur-gebietsreform\/","title":{"rendered":"Die Eichsfelder Gr\u00fcnen melden sich zur Gebietsreform"},"content":{"rendered":"<p>Mit einem Brief wenden sich die Eichsfelder Gr\u00fcnen an den Ministerpr\u00e4sident Th\u00fcringens, Bodo Ramelow zum Theme Gebietsreform. Darin fordern sie einen Neustart des Reformprozesses unter einer h\u00f6heren Einbeziehung der B\u00fcrger.<\/p>\n<p><!--more--><\/p>\n<p>Der Wortlaut des Briefes ist hier wiedergegeben:<\/p>\n<p>Sehr geehrter Herr Ministerpr\u00e4sident Bodo Ramelow,<\/p>\n<p>der Kreisvorstand von B\u00fcndnis 90\/Die Gr\u00fcnen im Eichsfeld reagiert mit diesem Brief auf die in der Osterferienwoche von Innenminister Poppenh\u00e4ger vorgestellten Details zur Gebietsreform. Wir wenden uns an Sie, weil wir uns sicher sind, dass die gemachten Vorschl\u00e4ge in dieser Form nicht umsetzbar sind. In der Verantwortung f\u00fcr die Menschen des Landkreises Eichsfeld, aber auch f\u00fcr die Mitb\u00fcrger*innen in Th\u00fcringen bitten wir Sie und die Landesregierung, den Prozess der Gebietsreform neu zu starten!<\/p>\n<p>Wir bitten Sie dabei sicherzustellen, dass Entscheidungen, die von einer Mehrheit der Menschen mitgetragen werden sollen, nachvollziehbar sind und im Kern auch durch sie in einem intensiven Prozess mit erarbeitet werden k\u00f6nnen. Unter den gegenw\u00e4rtigen Umst\u00e4nden sehen wir diese Entwicklung einer b\u00fcrgerfreundlichen Gebietsreform nicht mehr gegeben.<\/p>\n<p>Grunds\u00e4tzlich stehen wir als B\u00fcndnisgr\u00fcne im Eichsfeld zu den Aufgaben und Zielen einer Gebietsreform. Wenn wir ein modern organisiertes Land bleiben wollen, m\u00fcssen wir ganz selbstverst\u00e4ndlich Verwaltung in Kommunen und Kreisen effektiver gestalten und damit auf die sich \u00e4ndernde Bev\u00f6lkerungsstruktur reagieren. Unsere Nachbarn in S\u00fcdniedersachen und ganz besonders unsere Freunde im Untereichsfeld leben uns das nun schon seit 1973 erfolgreich vor. Trotzdem haben sie ihre Identit\u00e4t bewahrt und sind ein sehr gewichtiger Bestandteil des Landkreises G\u00f6ttingen. Und die Eichsfeldstadt Duderstadt prosperiert und profitiert von einer weltoffenen Kreisstadt G\u00f6ttingen.<\/p>\n<p>Auch dem heutigen Landkreis Eichsfeld und besonders seinen Menschen trauen wir zu, mit den Nachbarkreisen Nordhausen, Kyffh\u00e4userkreis und\/oder dem Unstrut-Hainich-Kreis in eine gemeinsame Zukunft zu gehen. Darunter muss eine besondere Identit\u00e4t und Zugeh\u00f6rigkeit nicht leiden, denn am Ende geht es in einem Landkreis um eine demokratische Verwaltung und keine Glaubensgrunds\u00e4tze.<\/p>\n<p>Wir als gr\u00fcne Eichsfelderinnen und Eichsfelder sehen allerdings mit Sorge, dass das eigentlich nachvollziehbare Projekt \u201eGebietsreform\u201c nicht in der gew\u00fcnschten Form gemanagt wird. Die Menschen und kommunalen Vertreter*innen wurden nicht ausreichend beteiligt und werden jetzt zum wiederholten Male vor vollendete Tatsachen gestellt, die wie zum Beispiel im Fall der jetzt vorgeschlagenen Kreisfreiheit von Weimar und Gera den Korridor des Vorschaltgesetzes durchbrechen. Das ist nicht hinnehmbar und kann so nicht durch das Kabinett gewinkt werden. Zudem sind die Anpassungshilfen f\u00fcr neugegliederte Landkreise v\u00f6llig unzureichend und werden der anstehenden Aufgabe nicht gerecht. Denn die Aufgabe ist einmalig und die Schulden einiger Landkreise sind es leider auch.<\/p>\n<p>Grunds\u00e4tzlich ist f\u00fcr uns als b\u00fcndnisgr\u00fcner Kreisvorstand klar, dass jetzt dringend auf die Bremse getreten werden muss. Wir sind uns sicher, dass Th\u00fcringens B\u00fcrgerinnen und B\u00fcrger einen Neustart bei der Gebietsreform als ein Entgegenkommen auf ihre Bedenken werten. Im 21. Jahrhundert ist auch in Th\u00fcringen eine Gebietsreform machbar, aber sie muss auch den Vorstellungen unserer Zeit von B\u00fcrger*innenbeteiligung und moderner Verwaltung entsprechen. Deshalb appellieren wir an Sie, den 02. Mai als einen neuen Aufbruch zu nutzen.<\/p>\n<p>Mit freundlichen Gr\u00fc\u00dfen die Mitglieder des Vorstandes<\/p>\n<p>Claudius Hille,\u00a0Thomas Keppler,\u00a0Norbert Sondermann,\u00a0Lothar Wandt<\/p>\n<div class=\"twoclick_social_bookmarks_post_249 social_share_privacy clearfix 1.6.4 locale-de_DE sprite-de_DE\"><\/div><div class=\"twoclick-js\"><script type=\"text\/javascript\">\/* <![CDATA[ *\/\njQuery(document).ready(function($){if($('.twoclick_social_bookmarks_post_249')){$('.twoclick_social_bookmarks_post_249').socialSharePrivacy({\"services\":{\"facebook\":{\"status\":\"on\",\"txt_info\":\"2 Klicks f\\u00fcr mehr Datenschutz: Erst wenn Sie hier klicken, wird der Button aktiv und Sie k\\u00f6nnen Ihre Empfehlung an Facebook senden. Schon beim Aktivieren werden Daten an Dritte \\u00fcbertragen - siehe <em>i<\\\/em>.\",\"perma_option\":\"off\",\"action\":\"like\",\"language\":\"de_DE\"},\"twitter\":{\"reply_to\":\"\",\"tweet_text\":\"%20Die%20Eichsfelder%20Gr%C3%BCnen%20melden%20sich%20zur%20Gebietsreform%20%C2%BB%20www.eichsfeldgruene.de%20...\",\"status\":\"on\",\"txt_info\":\"2 Klicks f\\u00fcr mehr Datenschutz: Erst wenn Sie hier klicken, wird der Button aktiv und Sie k\\u00f6nnen Ihre Empfehlung an Twitter senden. Schon beim Aktivieren werden Daten an Dritte \\u00fcbertragen - siehe <em>i<\\\/em>.\",\"perma_option\":\"off\",\"language\":\"de\",\"referrer_track\":\"\"},\"gplus\":{\"status\":\"on\",\"txt_info\":\"2 Klicks f\\u00fcr mehr Datenschutz: Erst wenn Sie hier klicken, wird der Button aktiv und Sie k\\u00f6nnen Ihre Empfehlung an Google+ senden. Schon beim Aktivieren werden Daten an Dritte \\u00fcbertragen - siehe <em>i<\\\/em>.\",\"perma_option\":\"off\",\"referrer_track\":\"\"},\"pinterest\":{\"status\":\"on\",\"the_excerpt\":\"Die Eichsfelder Gr\\u00fcnen melden sich zur Gebietsreform\",\"txt_info\":\"2 Klicks f\\u00fcr mehr Datenschutz: Erst wenn Sie hier klicken, wird der Button aktiv und Sie k\\u00f6nnen Ihre Empfehlung an Pinterest senden. Schon beim Aktivieren werden Daten an Dritte \\u00fcbertragen - siehe <em>i<\\\/em>.\",\"perma_option\":\"off\",\"media\":\"http:\\\/\\\/www.eichsfeldgruene.de\\\/WP\\\/wp-content\\\/uploads\\\/2017\\\/04\\\/eichsfeldkarte.gif\"},\"linkedin\":{\"status\":\"on\",\"txt_info\":\"2 Klicks f\\u00fcr mehr Datenschutz: Erst wenn Sie hier klicken, wird der Button aktiv und Sie k\\u00f6nnen Ihre Empfehlung an LinkedIn senden. Schon beim Aktivieren werden Daten an Dritte \\u00fcbertragen - siehe <em>i<\\\/em>.\",\"perma_option\":\"off\"}},\"txt_help\":\"Wenn Sie diese Felder durch einen Klick aktivieren, werden Informationen an Facebook, Twitter, Flattr, Xing, t3n, LinkedIn, Pinterest oder Google eventuell ins Ausland \\u00fcbertragen und unter Umst\\u00e4nden auch dort gespeichert. N\\u00e4heres erfahren Sie durch einen Klick auf das <em>i<\\\/em>.\",\"settings_perma\":\"Dauerhaft aktivieren und Daten\\u00fcber-tragung zustimmen:\",\"info_link\":\"http:\\\/\\\/www.heise.de\\\/ct\\\/artikel\\\/2-Klicks-fuer-mehr-Datenschutz-1333879.html\",\"uri\":\"http:\\\/\\\/www.eichsfeldgruene.de\\\/WP\\\/die-eichsfelder-gruenen-melden-sich-zur-gebietsreform\\\/\",\"post_id\":249,\"post_title_referrer_track\":\"Die+Eichsfelder+Gr%C3%BCnen+melden+sich+zur+Gebietsreform\",\"display_infobox\":\"on\"});}});\n\/* ]]> *\/<\/script><\/div>","protected":false},"excerpt":{"rendered":"<p>Mit einem Brief wenden sich die Eichsfelder Gr\u00fcnen an den Ministerpr\u00e4sident Th\u00fcringens, Bodo Ramelow zum Theme Gebietsreform. Darin fordern sie einen Neustart des Reformprozesses unter einer h\u00f6heren Einbeziehung der B\u00fcrger.<\/p>\n","protected":false},"author":-1,"featured_media":248,"comment_status":"open","ping_status":"open","sticky":false,"template":"","format":"standard","meta":{"_jetpack_newsletter_access":"","_jetpack_dont_email_post_to_subs":false,"_jetpack_newsletter_tier_id":0,"_jetpack_memberships_contains_paywalled_content":false,"_jetpack_memberships_contains_paid_content":false,"footnotes":""},"categories":[5,3],"tags":[28,34],"class_list":["post-249","post","type-post","status-publish","format-standard","has-post-thumbnail","hentry","category-landespolitik","category-lokalpolitik","tag-eichsfeld","tag-gebietsreform"],"jetpack_featured_media_url":"https:\/\/i0.wp.com\/www.eichsfeldgruene.de\/WP\/wp-content\/uploads\/2017\/04\/eichsfeldkarte.gif?fit=1937%2C2062","jetpack_sharing_enabled":false,"jetpack_shortlink":"https:\/\/wp.me\/p8yqO4-41","jetpack-related-posts":[{"id":288,"url":"http:\/\/www.eichsfeldgruene.de\/WP\/sachliche-diskussion-zu-gemeinde-und-kreisreform-jetzt-moeglich\/","url_meta":{"origin":249,"position":0},"title":"Sachliche Diskussion zu Gemeinde- und Kreisreform jetzt m\u00f6glich","author":"Norbert Sondermann","date":"18. August 2017","format":false,"excerpt":"Presseerkl\u00e4rung der Eichsfelder Gr\u00fcnen: Zu dem von den Koalitionspartnern vereinbarten Weg bei der Gebietsreform erkl\u00e4ren die Sprecher von B\u00fcndnis 90\/Die Gr\u00fcnen im Eichsfeld Norbert Sondermann und Claudius Hille: \u201eWir sind sehr erleichtert dar\u00fcber, dass sich die Koalition am Beginn der Woche auf einen praktikablen Weg f\u00fcr die Gebietsreform geeinigt hat.\u2026","rel":"","context":"In &quot;Landespolitik&quot;","block_context":{"text":"Landespolitik","link":"http:\/\/www.eichsfeldgruene.de\/WP\/Thema\/landespolitik\/"},"img":{"alt_text":"","src":"https:\/\/i0.wp.com\/www.eichsfeldgruene.de\/WP\/wp-content\/uploads\/2017\/04\/eichsfeldkarte.gif?fit=1127%2C1200&resize=350%2C200","width":350,"height":200,"srcset":"https:\/\/i0.wp.com\/www.eichsfeldgruene.de\/WP\/wp-content\/uploads\/2017\/04\/eichsfeldkarte.gif?fit=1127%2C1200&resize=350%2C200 1x, https:\/\/i0.wp.com\/www.eichsfeldgruene.de\/WP\/wp-content\/uploads\/2017\/04\/eichsfeldkarte.gif?fit=1127%2C1200&resize=525%2C300 1.5x, https:\/\/i0.wp.com\/www.eichsfeldgruene.de\/WP\/wp-content\/uploads\/2017\/04\/eichsfeldkarte.gif?fit=1127%2C1200&resize=700%2C400 2x, https:\/\/i0.wp.com\/www.eichsfeldgruene.de\/WP\/wp-content\/uploads\/2017\/04\/eichsfeldkarte.gif?fit=1127%2C1200&resize=1050%2C600 3x"},"classes":[]},{"id":338,"url":"http:\/\/www.eichsfeldgruene.de\/WP\/jahreshauptversammlung-2018-in-reifenstein\/","url_meta":{"origin":249,"position":1},"title":"Jahreshauptversammlung 2018 in Reifenstein","author":"Norbert Sondermann","date":"18. Januar 2018","format":false,"excerpt":"Am Samstag, den 13. Januar 2018, kamen die Mitglieder der Eichsfeldgr\u00fcnen zu ihrer Jahreshauptversammlung im Naturschutzzentrum Reifenstein zusammen. Besonders begr\u00fc\u00dfen konnten die gr\u00fcn engagierten Eichsfelder und Eichsfelderinnen den Fraktionsvorsitzenden der Landtagsfraktion Dirk Adams aus Erfurt. Die lebhafte Diskussion zu bundes- und landespolitischen Themen belegte, wie sehr auch auf regionaler Ebene\u2026","rel":"","context":"In &quot;Kreisverband&quot;","block_context":{"text":"Kreisverband","link":"http:\/\/www.eichsfeldgruene.de\/WP\/Thema\/kreisverband\/"},"img":{"alt_text":"","src":"https:\/\/i0.wp.com\/www.eichsfeldgruene.de\/WP\/wp-content\/uploads\/2018\/01\/JHV-2018_Reifenstein.jpg?fit=960%2C960&resize=350%2C200","width":350,"height":200,"srcset":"https:\/\/i0.wp.com\/www.eichsfeldgruene.de\/WP\/wp-content\/uploads\/2018\/01\/JHV-2018_Reifenstein.jpg?fit=960%2C960&resize=350%2C200 1x, https:\/\/i0.wp.com\/www.eichsfeldgruene.de\/WP\/wp-content\/uploads\/2018\/01\/JHV-2018_Reifenstein.jpg?fit=960%2C960&resize=525%2C300 1.5x, https:\/\/i0.wp.com\/www.eichsfeldgruene.de\/WP\/wp-content\/uploads\/2018\/01\/JHV-2018_Reifenstein.jpg?fit=960%2C960&resize=700%2C400 2x"},"classes":[]},{"id":1148,"url":"http:\/\/www.eichsfeldgruene.de\/WP\/wahlprogramm-zur-kreistagswahl-2019\/","url_meta":{"origin":249,"position":2},"title":"Wahlprogramm zur Kreistagswahl 2019","author":"Norbert Sondermann","date":"24. April 2019","format":false,"excerpt":"Liebe Eichsfelderinnen und Eichsfelder, am 26. Mai 2019 w\u00e4hlen Sie einen neuen Kreistag, Stadtr\u00e4te, Gemeinde- und Ortsr\u00e4te. Auch das Europaparlament wird an diesem Tag neu gew\u00e4hlt. Wir Eichsfeldgr\u00fcne haben deshalb unsere Kampagne f\u00fcr die Kommunalwahlen unter das Motto \u201eWeil wir hier leben\u201c gestellt, weil wir von dem Prinzip eines Europas\u2026","rel":"","context":"In &quot;Kommunalwahl&quot;","block_context":{"text":"Kommunalwahl","link":"http:\/\/www.eichsfeldgruene.de\/WP\/Thema\/wahlen\/kommunalwahl\/"},"img":{"alt_text":"","src":"https:\/\/i0.wp.com\/www.eichsfeldgruene.de\/WP\/wp-content\/uploads\/2017\/04\/10021002-e1491395538899.jpg?fit=887%2C436&resize=350%2C200","width":350,"height":200,"srcset":"https:\/\/i0.wp.com\/www.eichsfeldgruene.de\/WP\/wp-content\/uploads\/2017\/04\/10021002-e1491395538899.jpg?fit=887%2C436&resize=350%2C200 1x, https:\/\/i0.wp.com\/www.eichsfeldgruene.de\/WP\/wp-content\/uploads\/2017\/04\/10021002-e1491395538899.jpg?fit=887%2C436&resize=525%2C300 1.5x, https:\/\/i0.wp.com\/www.eichsfeldgruene.de\/WP\/wp-content\/uploads\/2017\/04\/10021002-e1491395538899.jpg?fit=887%2C436&resize=700%2C400 2x"},"classes":[]},{"id":7369,"url":"http:\/\/www.eichsfeldgruene.de\/WP\/besuch-unseres-spitzenkandidaten-bernhard-stengele-im-eichsfeld\/","url_meta":{"origin":249,"position":3},"title":"Besuch unseres Spitzenkandidaten Bernhard Stengele im Eichsfeld","author":"Information","date":"26. Juli 2024","format":false,"excerpt":"Am Freitag, den 26. Juli 2024, durften wir unseren gr\u00fcnen Spitzenkandidaten f\u00fcr die anstehende Landtagswahl Bernhard Stengele bei uns im Eichsfeld begr\u00fc\u00dfen. Themenschwerpunkte auf seiner Tour durch unseren sch\u00f6nen Landkreis waren unter anderem der Erhalt von naturnahen Gew\u00e4ssern, der Hochwasserschutz bei immer h\u00e4ufiger auftretendem Starkregen, aber auch der Tier- und\u2026","rel":"","context":"In &quot;Allgemein&quot;","block_context":{"text":"Allgemein","link":"http:\/\/www.eichsfeldgruene.de\/WP\/Thema\/allgemein\/"},"img":{"alt_text":"","src":"https:\/\/i0.wp.com\/www.eichsfeldgruene.de\/WP\/wp-content\/uploads\/2024\/08\/IMG-20240727-WA0010.jpg?fit=1200%2C675&resize=350%2C200","width":350,"height":200,"srcset":"https:\/\/i0.wp.com\/www.eichsfeldgruene.de\/WP\/wp-content\/uploads\/2024\/08\/IMG-20240727-WA0010.jpg?fit=1200%2C675&resize=350%2C200 1x, https:\/\/i0.wp.com\/www.eichsfeldgruene.de\/WP\/wp-content\/uploads\/2024\/08\/IMG-20240727-WA0010.jpg?fit=1200%2C675&resize=525%2C300 1.5x, https:\/\/i0.wp.com\/www.eichsfeldgruene.de\/WP\/wp-content\/uploads\/2024\/08\/IMG-20240727-WA0010.jpg?fit=1200%2C675&resize=700%2C400 2x, https:\/\/i0.wp.com\/www.eichsfeldgruene.de\/WP\/wp-content\/uploads\/2024\/08\/IMG-20240727-WA0010.jpg?fit=1200%2C675&resize=1050%2C600 3x"},"classes":[]},{"id":156,"url":"http:\/\/www.eichsfeldgruene.de\/WP\/auch-das-eichsfeld-muss-glyposatfrei-werden\/","url_meta":{"origin":249,"position":4},"title":"Auch das Eichsfeld mu\u00df glyphosatfrei werden!","author":"Claudius Hille","date":"26. M\u00e4rz 2017","format":false,"excerpt":"Presseerkl\u00e4rung zum Einsatz von Glyphosat: Die meisten Unkrautvernichtungsmittel beinhalten den Wirkstoff Glyphosat. Dieser Wirkstoff steht schon seit l\u00e4ngerer Zeit im Verdacht, Krebs zu erregen. Mehrere Studien haben diesen Verdacht best\u00e4tigt es gibt aber auch Studien, die das Gegenteil beweisen. In letzter Zeit hat man festgestellt, dass an den Studien, die\u2026","rel":"","context":"In &quot;Lokalpolitik&quot;","block_context":{"text":"Lokalpolitik","link":"http:\/\/www.eichsfeldgruene.de\/WP\/Thema\/lokalpolitik\/"},"img":{"alt_text":"","src":"https:\/\/i0.wp.com\/www.eichsfeldgruene.de\/WP\/wp-content\/uploads\/2017\/03\/csm_20170203_Glyphosat_fotokostic_iStock_723x372_9a1a6a2e6a.jpg?fit=723%2C372&resize=350%2C200","width":350,"height":200,"srcset":"https:\/\/i0.wp.com\/www.eichsfeldgruene.de\/WP\/wp-content\/uploads\/2017\/03\/csm_20170203_Glyphosat_fotokostic_iStock_723x372_9a1a6a2e6a.jpg?fit=723%2C372&resize=350%2C200 1x, https:\/\/i0.wp.com\/www.eichsfeldgruene.de\/WP\/wp-content\/uploads\/2017\/03\/csm_20170203_Glyphosat_fotokostic_iStock_723x372_9a1a6a2e6a.jpg?fit=723%2C372&resize=525%2C300 1.5x, https:\/\/i0.wp.com\/www.eichsfeldgruene.de\/WP\/wp-content\/uploads\/2017\/03\/csm_20170203_Glyphosat_fotokostic_iStock_723x372_9a1a6a2e6a.jpg?fit=723%2C372&resize=700%2C400 2x"},"classes":[]},{"id":1233,"url":"http:\/\/www.eichsfeldgruene.de\/WP\/dankeschoen\/","url_meta":{"origin":249,"position":5},"title":"Dankesch\u00f6n!","author":"Norbert Sondermann","date":"31. Mai 2019","format":false,"excerpt":"Liebe W\u00e4hlerinnen und W\u00e4hler von B\u00dcNDNIS 90\/DIE GR\u00dcNEN im Eichsfeld, wir m\u00f6chten uns an dieser Stelle f\u00fcr Ihre Stimmen zur Europawahl sowie zu Kreistagstagwahl und zu der Wahl von Stadt-und Ortsr\u00e4ten herzlich bedanken. Das war der mit Abstand gr\u00f6\u00dfte Erfolg, den die Eichsfeldgr\u00fcnen seit ihrer Gr\u00fcndung am 19. Januar 1990\u2026","rel":"","context":"In &quot;Europawahl&quot;","block_context":{"text":"Europawahl","link":"http:\/\/www.eichsfeldgruene.de\/WP\/Thema\/wahlen\/europawahl\/"},"img":{"alt_text":"Kaffeetafel mit Katrin G\u00f6ring-Eckardt am Vortag der Europa- und Kommunalwahl","src":"https:\/\/i0.wp.com\/www.eichsfeldgruene.de\/WP\/wp-content\/uploads\/2019\/05\/IMG-20190525-WA0010.jpg?fit=1200%2C800&resize=350%2C200","width":350,"height":200,"srcset":"https:\/\/i0.wp.com\/www.eichsfeldgruene.de\/WP\/wp-content\/uploads\/2019\/05\/IMG-20190525-WA0010.jpg?fit=1200%2C800&resize=350%2C200 1x, https:\/\/i0.wp.com\/www.eichsfeldgruene.de\/WP\/wp-content\/uploads\/2019\/05\/IMG-20190525-WA0010.jpg?fit=1200%2C800&resize=525%2C300 1.5x, https:\/\/i0.wp.com\/www.eichsfeldgruene.de\/WP\/wp-content\/uploads\/2019\/05\/IMG-20190525-WA0010.jpg?fit=1200%2C800&resize=700%2C400 2x, https:\/\/i0.wp.com\/www.eichsfeldgruene.de\/WP\/wp-content\/uploads\/2019\/05\/IMG-20190525-WA0010.jpg?fit=1200%2C800&resize=1050%2C600 3x"},"classes":[]}],"publishpress_future_action":{"enabled":false,"date":"2026-05-06 15:00:23","action":"change-status","newStatus":"draft","terms":[],"taxonomy":"category","extraData":[]},"publishpress_future_workflow_manual_trigger":{"enabledWorkflows":[]},"_links":{"self":[{"href":"http:\/\/www.eichsfeldgruene.de\/WP\/wp-json\/wp\/v2\/posts\/249","targetHints":{"allow":["GET"]}}],"collection":[{"href":"http:\/\/www.eichsfeldgruene.de\/WP\/wp-json\/wp\/v2\/posts"}],"about":[{"href":"http:\/\/www.eichsfeldgruene.de\/WP\/wp-json\/wp\/v2\/types\/post"}],"author":[{"embeddable":true,"href":"http:\/\/www.eichsfeldgruene.de\/WP\/wp-json\/wp\/v2\/users\/5"}],"replies":[{"embeddable":true,"href":"http:\/\/www.eichsfeldgruene.de\/WP\/wp-json\/wp\/v2\/comments?post=249"}],"version-history":[{"count":0,"href":"http:\/\/www.eichsfeldgruene.de\/WP\/wp-json\/wp\/v2\/posts\/249\/revisions"}],"wp:featuredmedia":[{"embeddable":true,"href":"http:\/\/www.eichsfeldgruene.de\/WP\/wp-json\/wp\/v2\/media\/248"}],"wp:attachment":[{"href":"http:\/\/www.eichsfeldgruene.de\/WP\/wp-json\/wp\/v2\/media?parent=249"}],"wp:term":[{"taxonomy":"category","embeddable":true,"href":"http:\/\/www.eichsfeldgruene.de\/WP\/wp-json\/wp\/v2\/categories?post=249"},{"taxonomy":"post_tag","embeddable":true,"href":"http:\/\/www.eichsfeldgruene.de\/WP\/wp-json\/wp\/v2\/tags?post=249"}],"curies":[{"name":"wp","href":"https:\/\/api.w.org\/{rel}","templated":true}]}}