{"id":288,"date":"2017-08-18T08:16:20","date_gmt":"2017-08-18T06:16:20","guid":{"rendered":"http:\/\/www.eichsfeldgruene.de\/WP\/?p=288"},"modified":"2017-08-18T08:22:29","modified_gmt":"2017-08-18T06:22:29","slug":"sachliche-diskussion-zu-gemeinde-und-kreisreform-jetzt-moeglich","status":"publish","type":"post","link":"http:\/\/www.eichsfeldgruene.de\/WP\/sachliche-diskussion-zu-gemeinde-und-kreisreform-jetzt-moeglich\/","title":{"rendered":"Sachliche Diskussion zu Gemeinde- und Kreisreform jetzt m\u00f6glich"},"content":{"rendered":"<div class=\"document-page\" data-page=\"1\">\n<div class=\"pdf-page\">\n<div class=\"text-wrapper user-select-text\">\n<div data-canvas-width=\"504.4000000000002\"><span style=\"font-size: 20px;\"><strong>Presseerkl\u00e4rung der Eichsfelder Gr\u00fcnen:<\/strong><\/span><\/div>\n<div data-canvas-width=\"504.4000000000002\"><\/div>\n<div data-canvas-width=\"600.1600000000004\">Zu dem von den Koalitionspartnern vereinbarten Weg bei der Gebietsreform erkl\u00e4ren die Sprecher von B\u00fcndnis 90\/Die Gr\u00fcnen im Eichsfeld Norbert Sondermann und Claudius Hille: \u201eWir sind sehr erleichtert dar\u00fcber, dass sich die Koalition am Beginn der Woche auf einen praktikablen Weg f\u00fcr die Gebietsreform geeinigt hat. Unsere Landespolitiker, insbesondere Dirk Adams, konnten wesentlich dazu beitragen, dieser wichtigen aus der Spur geratenen Reform wieder eine gute Richtung zu geben. Das hatten wir auch als Kreisverband in einem Brief an den Ministerpr\u00e4sidenten und das Innenministerium im Mai 2017 gefordert. Wir sehen jetzt, dass es der Koalition gelungen ist, ihre Reform wesentlich zu \u00e4ndern, b\u00fcrgern\u00e4her, nachvollziehbarer und ergebnisoffen\u201c, stellt Sondermann zufrieden fest.<\/div>\n<div data-canvas-width=\"102.144\">\u201eF\u00fcr uns z\u00e4hlt besonders, dass jetzt wieder die notwendige Zeit zur Verf\u00fcgung steht, die es B\u00fcrgerinnen und B\u00fcrger sowie den kommunal Verantwortlichen erm\u00f6glicht, an einem transparenten und fairen Prozess teilzunehmen. Dies ist im Sinne der notwendigen Akzeptanz f\u00fcr ein solches Gro\u00dfprojekt durchaus vertretbar. Denn Menschen sollen mitgestalten k\u00f6nnen, wenn es um ihre Kommunen und Landkreise geht. F\u00fcr notwendige Ma\u00dfnahmen zur Ver\u00e4nderung von Verwaltungsstrukturen muss geworben und sie m\u00fcssen erkl\u00e4rt werden\u201c, ist sich Co-Sprecher Claudius Hille sicher.<\/div>\n<div data-canvas-width=\"102.144\">\u201eSo werden jetzt mit hinreichend Zeit die gesetzlichen Grundlagen f\u00fcr die Kreisgebietsreform geschaffen und die Kreis- sowie Gemeindeneugliederungen<\/div>\n<\/div>\n<\/div>\n<\/div>\n<div class=\"document-page\" data-page=\"2\">\n<div class=\"pdf-page\">\n<div class=\"text-wrapper user-select-text\">\n<div data-canvas-width=\"595.9840000000004\">werden erst bis 2021 vollst\u00e4ndig umgesetzt. Sehr zufrieden sind wir zudem mit dem deutlich weiter gefassten Modell der Verbandsgemeinde, welche die kleinteilige<\/div>\n<div data-canvas-width=\"600.1760000000003\">Struktur Th\u00fcringens und des Eichsfeldes unserer Ansicht nach besser ber\u00fccksichtigt. F\u00fcr uns z\u00e4hlt, dass die Eigenst\u00e4ndigkeit der Gemeinden weiter erhalten bleibt,<\/div>\n<div data-canvas-width=\"462.80000000000007\">unabh\u00e4ngig von ihrer Gr\u00f6\u00dfe, \u00e4hnlich dem Rheinland-Pf\u00e4lzischen Verbandsgemeindemodell\u201c, stellen die Eichsfeldgr\u00fcnen klar.<\/div>\n<div data-canvas-width=\"462.80000000000007\">\u201eAm Ende muss mit finanztechnischer Ehrlichkeit und einem modernen kommunalen Finanzmanagement die Arbeit Kommunen und Landkreisen professionalisiert<\/div>\n<div data-canvas-width=\"601.2320000000004\">werden. Dass die Reform auf eine solide Grundlage gestellt wird, daf\u00fcr werden auch wir uns als b\u00fcndnisgr\u00fcner Kreisverband in den kommenden Monaten und Jahren<\/div>\n<div data-canvas-width=\"350.81599999999986\">intensiv einsetzen\u201c, macht Claudius Hille deutlich.<\/div>\n<div data-canvas-width=\"350.81599999999986\">\u201eBelebend hat sich im \u00dcbrigen die Diskussion und das Engagement von B\u00fcrgerinnen und B\u00fcrger der letzten Monate im Eichsfeld gezeigt. Diese Plattform<\/div>\n<div data-canvas-width=\"603.6960000000005\">k\u00f6nnte sich auch f\u00fcr die Fortsetzung eines sachlichen Austausches anbieten\u201c, hoffen die Eichsfeldgr\u00fcnen.<\/div>\n<\/div>\n<\/div>\n<\/div>\n<div class=\"twoclick_social_bookmarks_post_288 social_share_privacy clearfix 1.6.4 locale-de_DE sprite-de_DE\"><\/div><div class=\"twoclick-js\"><script type=\"text\/javascript\">\/* <![CDATA[ *\/\njQuery(document).ready(function($){if($('.twoclick_social_bookmarks_post_288')){$('.twoclick_social_bookmarks_post_288').socialSharePrivacy({\"services\":{\"facebook\":{\"status\":\"on\",\"txt_info\":\"2 Klicks f\\u00fcr mehr Datenschutz: Erst wenn Sie hier klicken, wird der Button aktiv und Sie k\\u00f6nnen Ihre Empfehlung an Facebook senden. Schon beim Aktivieren werden Daten an Dritte \\u00fcbertragen - siehe <em>i<\\\/em>.\",\"perma_option\":\"off\",\"action\":\"like\",\"language\":\"de_DE\"},\"twitter\":{\"reply_to\":\"\",\"tweet_text\":\"%20Sachliche%20Diskussion%20zu%20Gemeinde-%20und%20Kreisreform%20jetzt%20m%C3%B6glich%20%C2%BB%20...\",\"status\":\"on\",\"txt_info\":\"2 Klicks f\\u00fcr mehr Datenschutz: Erst wenn Sie hier klicken, wird der Button aktiv und Sie k\\u00f6nnen Ihre Empfehlung an Twitter senden. Schon beim Aktivieren werden Daten an Dritte \\u00fcbertragen - siehe <em>i<\\\/em>.\",\"perma_option\":\"off\",\"language\":\"de\",\"referrer_track\":\"\"},\"gplus\":{\"status\":\"on\",\"txt_info\":\"2 Klicks f\\u00fcr mehr Datenschutz: Erst wenn Sie hier klicken, wird der Button aktiv und Sie k\\u00f6nnen Ihre Empfehlung an Google+ senden. Schon beim Aktivieren werden Daten an Dritte \\u00fcbertragen - siehe <em>i<\\\/em>.\",\"perma_option\":\"off\",\"referrer_track\":\"\"},\"pinterest\":{\"status\":\"on\",\"the_excerpt\":\"Sachliche Diskussion zu Gemeinde- und Kreisreform jetzt m\\u00f6glich\",\"txt_info\":\"2 Klicks f\\u00fcr mehr Datenschutz: Erst wenn Sie hier klicken, wird der Button aktiv und Sie k\\u00f6nnen Ihre Empfehlung an Pinterest senden. Schon beim Aktivieren werden Daten an Dritte \\u00fcbertragen - siehe <em>i<\\\/em>.\",\"perma_option\":\"off\",\"media\":\"http:\\\/\\\/www.eichsfeldgruene.de\\\/WP\\\/wp-content\\\/uploads\\\/2017\\\/04\\\/eichsfeldkarte.gif\"},\"linkedin\":{\"status\":\"on\",\"txt_info\":\"2 Klicks f\\u00fcr mehr Datenschutz: Erst wenn Sie hier klicken, wird der Button aktiv und Sie k\\u00f6nnen Ihre Empfehlung an LinkedIn senden. Schon beim Aktivieren werden Daten an Dritte \\u00fcbertragen - siehe <em>i<\\\/em>.\",\"perma_option\":\"off\"}},\"txt_help\":\"Wenn Sie diese Felder durch einen Klick aktivieren, werden Informationen an Facebook, Twitter, Flattr, Xing, t3n, LinkedIn, Pinterest oder Google eventuell ins Ausland \\u00fcbertragen und unter Umst\\u00e4nden auch dort gespeichert. N\\u00e4heres erfahren Sie durch einen Klick auf das <em>i<\\\/em>.\",\"settings_perma\":\"Dauerhaft aktivieren und Daten\\u00fcber-tragung zustimmen:\",\"info_link\":\"http:\\\/\\\/www.heise.de\\\/ct\\\/artikel\\\/2-Klicks-fuer-mehr-Datenschutz-1333879.html\",\"uri\":\"http:\\\/\\\/www.eichsfeldgruene.de\\\/WP\\\/sachliche-diskussion-zu-gemeinde-und-kreisreform-jetzt-moeglich\\\/\",\"post_id\":288,\"post_title_referrer_track\":\"Sachliche+Diskussion+zu+Gemeinde-+und+Kreisreform+jetzt+m%C3%B6glich\",\"display_infobox\":\"on\"});}});\n\/* ]]> *\/<\/script><\/div>","protected":false},"excerpt":{"rendered":"<p>Presseerkl\u00e4rung der Eichsfelder Gr\u00fcnen: Zu dem von den Koalitionspartnern vereinbarten Weg bei der Gebietsreform erkl\u00e4ren die Sprecher von B\u00fcndnis 90\/Die Gr\u00fcnen im Eichsfeld Norbert Sondermann und Claudius Hille: \u201eWir sind [&hellip;]<\/p>\n","protected":false},"author":-1,"featured_media":248,"comment_status":"open","ping_status":"open","sticky":false,"template":"","format":"standard","meta":{"_jetpack_newsletter_access":"","_jetpack_dont_email_post_to_subs":false,"_jetpack_newsletter_tier_id":0,"_jetpack_memberships_contains_paywalled_content":false,"_jetpack_memberships_contains_paid_content":false,"footnotes":""},"categories":[5,3],"tags":[28,34],"class_list":["post-288","post","type-post","status-publish","format-standard","has-post-thumbnail","hentry","category-landespolitik","category-lokalpolitik","tag-eichsfeld","tag-gebietsreform"],"jetpack_featured_media_url":"https:\/\/i0.wp.com\/www.eichsfeldgruene.de\/WP\/wp-content\/uploads\/2017\/04\/eichsfeldkarte.gif?fit=1937%2C2062","jetpack_sharing_enabled":false,"jetpack_shortlink":"https:\/\/wp.me\/p8yqO4-4E","jetpack-related-posts":[{"id":249,"url":"http:\/\/www.eichsfeldgruene.de\/WP\/die-eichsfelder-gruenen-melden-sich-zur-gebietsreform\/","url_meta":{"origin":288,"position":0},"title":"Die Eichsfelder Gr\u00fcnen melden sich zur Gebietsreform","author":"Norbert Sondermann","date":"27. April 2017","format":false,"excerpt":"Mit einem Brief wenden sich die Eichsfelder Gr\u00fcnen an den Ministerpr\u00e4sident Th\u00fcringens, Bodo Ramelow zum Theme Gebietsreform. Darin fordern sie einen Neustart des Reformprozesses unter einer h\u00f6heren Einbeziehung der B\u00fcrger. Der Wortlaut des Briefes ist hier wiedergegeben: Sehr geehrter Herr Ministerpr\u00e4sident Bodo Ramelow, der Kreisvorstand von B\u00fcndnis 90\/Die Gr\u00fcnen im\u2026","rel":"","context":"In &quot;Landespolitik&quot;","block_context":{"text":"Landespolitik","link":"http:\/\/www.eichsfeldgruene.de\/WP\/Thema\/landespolitik\/"},"img":{"alt_text":"","src":"https:\/\/i0.wp.com\/www.eichsfeldgruene.de\/WP\/wp-content\/uploads\/2017\/04\/eichsfeldkarte.gif?fit=1127%2C1200&resize=350%2C200","width":350,"height":200,"srcset":"https:\/\/i0.wp.com\/www.eichsfeldgruene.de\/WP\/wp-content\/uploads\/2017\/04\/eichsfeldkarte.gif?fit=1127%2C1200&resize=350%2C200 1x, https:\/\/i0.wp.com\/www.eichsfeldgruene.de\/WP\/wp-content\/uploads\/2017\/04\/eichsfeldkarte.gif?fit=1127%2C1200&resize=525%2C300 1.5x, https:\/\/i0.wp.com\/www.eichsfeldgruene.de\/WP\/wp-content\/uploads\/2017\/04\/eichsfeldkarte.gif?fit=1127%2C1200&resize=700%2C400 2x, https:\/\/i0.wp.com\/www.eichsfeldgruene.de\/WP\/wp-content\/uploads\/2017\/04\/eichsfeldkarte.gif?fit=1127%2C1200&resize=1050%2C600 3x"},"classes":[]},{"id":338,"url":"http:\/\/www.eichsfeldgruene.de\/WP\/jahreshauptversammlung-2018-in-reifenstein\/","url_meta":{"origin":288,"position":1},"title":"Jahreshauptversammlung 2018 in Reifenstein","author":"Norbert Sondermann","date":"18. Januar 2018","format":false,"excerpt":"Am Samstag, den 13. Januar 2018, kamen die Mitglieder der Eichsfeldgr\u00fcnen zu ihrer Jahreshauptversammlung im Naturschutzzentrum Reifenstein zusammen. Besonders begr\u00fc\u00dfen konnten die gr\u00fcn engagierten Eichsfelder und Eichsfelderinnen den Fraktionsvorsitzenden der Landtagsfraktion Dirk Adams aus Erfurt. Die lebhafte Diskussion zu bundes- und landespolitischen Themen belegte, wie sehr auch auf regionaler Ebene\u2026","rel":"","context":"In &quot;Kreisverband&quot;","block_context":{"text":"Kreisverband","link":"http:\/\/www.eichsfeldgruene.de\/WP\/Thema\/kreisverband\/"},"img":{"alt_text":"","src":"https:\/\/i0.wp.com\/www.eichsfeldgruene.de\/WP\/wp-content\/uploads\/2018\/01\/JHV-2018_Reifenstein.jpg?fit=960%2C960&resize=350%2C200","width":350,"height":200,"srcset":"https:\/\/i0.wp.com\/www.eichsfeldgruene.de\/WP\/wp-content\/uploads\/2018\/01\/JHV-2018_Reifenstein.jpg?fit=960%2C960&resize=350%2C200 1x, https:\/\/i0.wp.com\/www.eichsfeldgruene.de\/WP\/wp-content\/uploads\/2018\/01\/JHV-2018_Reifenstein.jpg?fit=960%2C960&resize=525%2C300 1.5x, https:\/\/i0.wp.com\/www.eichsfeldgruene.de\/WP\/wp-content\/uploads\/2018\/01\/JHV-2018_Reifenstein.jpg?fit=960%2C960&resize=700%2C400 2x"},"classes":[]},{"id":6878,"url":"http:\/\/www.eichsfeldgruene.de\/WP\/kommunalwahlprogramm-2024-fuer-unseren-landkreis-eichsfeld\/","url_meta":{"origin":288,"position":2},"title":"Kommunalwahlprogramm 2024 f\u00fcr unseren Landkreis Eichsfeld","author":"Claudius Hille","date":"25. April 2024","format":false,"excerpt":"\"Zukunft wird vor Ort gemacht\" \u2013 12 Punkte f\u00fcr einen lebenswerten Landkreis Wir als b\u00fcndnisgr\u00fcner Kreisverband im Eichsfeld wollen mit folgenden 12 Kernpunkten aktiv zur Gestaltung und Weiterentwicklung des Landkreises beitragen. Dabei stehen die Menschen in ihrer Lebenswelt im Mittelpunkt aber auch eine klimafreundliche Landkreisgestaltung. Wir werben mit einem Programm,\u2026","rel":"","context":"In &quot;Kommunalwahl&quot;","block_context":{"text":"Kommunalwahl","link":"http:\/\/www.eichsfeldgruene.de\/WP\/Thema\/wahlen\/kommunalwahl\/"},"img":{"alt_text":"Sonnenblume","src":"https:\/\/i0.wp.com\/www.eichsfeldgruene.de\/WP\/wp-content\/uploads\/2021\/09\/sunflower-1536088_1920.jpg?fit=1200%2C786&resize=350%2C200","width":350,"height":200,"srcset":"https:\/\/i0.wp.com\/www.eichsfeldgruene.de\/WP\/wp-content\/uploads\/2021\/09\/sunflower-1536088_1920.jpg?fit=1200%2C786&resize=350%2C200 1x, https:\/\/i0.wp.com\/www.eichsfeldgruene.de\/WP\/wp-content\/uploads\/2021\/09\/sunflower-1536088_1920.jpg?fit=1200%2C786&resize=525%2C300 1.5x, https:\/\/i0.wp.com\/www.eichsfeldgruene.de\/WP\/wp-content\/uploads\/2021\/09\/sunflower-1536088_1920.jpg?fit=1200%2C786&resize=700%2C400 2x, https:\/\/i0.wp.com\/www.eichsfeldgruene.de\/WP\/wp-content\/uploads\/2021\/09\/sunflower-1536088_1920.jpg?fit=1200%2C786&resize=1050%2C600 3x"},"classes":[]},{"id":1233,"url":"http:\/\/www.eichsfeldgruene.de\/WP\/dankeschoen\/","url_meta":{"origin":288,"position":3},"title":"Dankesch\u00f6n!","author":"Norbert Sondermann","date":"31. Mai 2019","format":false,"excerpt":"Liebe W\u00e4hlerinnen und W\u00e4hler von B\u00dcNDNIS 90\/DIE GR\u00dcNEN im Eichsfeld, wir m\u00f6chten uns an dieser Stelle f\u00fcr Ihre Stimmen zur Europawahl sowie zu Kreistagstagwahl und zu der Wahl von Stadt-und Ortsr\u00e4ten herzlich bedanken. Das war der mit Abstand gr\u00f6\u00dfte Erfolg, den die Eichsfeldgr\u00fcnen seit ihrer Gr\u00fcndung am 19. Januar 1990\u2026","rel":"","context":"In &quot;Europawahl&quot;","block_context":{"text":"Europawahl","link":"http:\/\/www.eichsfeldgruene.de\/WP\/Thema\/wahlen\/europawahl\/"},"img":{"alt_text":"Kaffeetafel mit Katrin G\u00f6ring-Eckardt am Vortag der Europa- und Kommunalwahl","src":"https:\/\/i0.wp.com\/www.eichsfeldgruene.de\/WP\/wp-content\/uploads\/2019\/05\/IMG-20190525-WA0010.jpg?fit=1200%2C800&resize=350%2C200","width":350,"height":200,"srcset":"https:\/\/i0.wp.com\/www.eichsfeldgruene.de\/WP\/wp-content\/uploads\/2019\/05\/IMG-20190525-WA0010.jpg?fit=1200%2C800&resize=350%2C200 1x, https:\/\/i0.wp.com\/www.eichsfeldgruene.de\/WP\/wp-content\/uploads\/2019\/05\/IMG-20190525-WA0010.jpg?fit=1200%2C800&resize=525%2C300 1.5x, https:\/\/i0.wp.com\/www.eichsfeldgruene.de\/WP\/wp-content\/uploads\/2019\/05\/IMG-20190525-WA0010.jpg?fit=1200%2C800&resize=700%2C400 2x, https:\/\/i0.wp.com\/www.eichsfeldgruene.de\/WP\/wp-content\/uploads\/2019\/05\/IMG-20190525-WA0010.jpg?fit=1200%2C800&resize=1050%2C600 3x"},"classes":[]},{"id":8109,"url":"http:\/\/www.eichsfeldgruene.de\/WP\/stadtpolitischer-spaziergang-der-gruenen-eichsfeld-in-heilbad-heiligenstadt\/","url_meta":{"origin":288,"position":4},"title":"Stadtpolitischer Spaziergang der Gr\u00fcnen Eichsfeld in Heilbad Heiligenstadt","author":"Christian Beykirch","date":"19. September 2025","format":false,"excerpt":"Am 17. August 2025 luden wir Gr\u00fcnen Eichsfeld zu einem stadtpolitischen Spaziergang durch Heilbad Heiligenstadt ein. Gemeinsam mit B\u00fcrger*innen haben wir \u00fcber soziale Wohnprojekte, kulturelle Freir\u00e4ume und die Zukunft unserer Stadt diskutiert. Gemeinsam durch die Altstadt Treffpunkt war der Parkplatz am Krankenhaus. Von dort aus spazierten wir gemeinsam durch die\u2026","rel":"","context":"In &quot;Allgemein&quot;","block_context":{"text":"Allgemein","link":"http:\/\/www.eichsfeldgruene.de\/WP\/Thema\/allgemein\/"},"img":{"alt_text":"","src":"https:\/\/i0.wp.com\/www.eichsfeldgruene.de\/WP\/wp-content\/uploads\/2025\/09\/IMG_6241-1.jpg?fit=1200%2C900&resize=350%2C200","width":350,"height":200,"srcset":"https:\/\/i0.wp.com\/www.eichsfeldgruene.de\/WP\/wp-content\/uploads\/2025\/09\/IMG_6241-1.jpg?fit=1200%2C900&resize=350%2C200 1x, https:\/\/i0.wp.com\/www.eichsfeldgruene.de\/WP\/wp-content\/uploads\/2025\/09\/IMG_6241-1.jpg?fit=1200%2C900&resize=525%2C300 1.5x, https:\/\/i0.wp.com\/www.eichsfeldgruene.de\/WP\/wp-content\/uploads\/2025\/09\/IMG_6241-1.jpg?fit=1200%2C900&resize=700%2C400 2x, https:\/\/i0.wp.com\/www.eichsfeldgruene.de\/WP\/wp-content\/uploads\/2025\/09\/IMG_6241-1.jpg?fit=1200%2C900&resize=1050%2C600 3x"},"classes":[]},{"id":8158,"url":"http:\/\/www.eichsfeldgruene.de\/WP\/zur-veranstaltung-energiewende-umsetzen-statt-abwuerden-mit-sven-giegold-in-haynrode\/","url_meta":{"origin":288,"position":5},"title":"zur Veranstaltung \u201eEnergiewende umsetzen statt abw\u00fcrden\u201c mit Sven Giegold in Haynrode:","author":"Christian Beykirch","date":"26. Januar 2026","format":false,"excerpt":"Der Kreisverband Eichsfeld von B\u00fcndnis\u00b490\/Die Gr\u00fcnen veranstaltete mit dem stellvertretenden gr\u00fcnen Bundesvorsitzenden Sven Giegold in Haynrode eine Veranstaltung zur Energiewende. Die gut besuchte Veranstaltung fand in Haynrode statt, da dort aus einer Initiative der IG Metall, dortigen und im Eichsfeld angesiedelten Unternehmen und B\u00fcrgermeister Andreas Heiroth ein Dekarbonisierungsprojekt auf den\u2026","rel":"","context":"In &quot;Allgemein&quot;","block_context":{"text":"Allgemein","link":"http:\/\/www.eichsfeldgruene.de\/WP\/Thema\/allgemein\/"},"img":{"alt_text":"","src":"https:\/\/i0.wp.com\/www.eichsfeldgruene.de\/WP\/wp-content\/uploads\/2026\/01\/Veranstaltung-mit-Sven-Giegold.jpg?fit=1200%2C800&resize=350%2C200","width":350,"height":200,"srcset":"https:\/\/i0.wp.com\/www.eichsfeldgruene.de\/WP\/wp-content\/uploads\/2026\/01\/Veranstaltung-mit-Sven-Giegold.jpg?fit=1200%2C800&resize=350%2C200 1x, https:\/\/i0.wp.com\/www.eichsfeldgruene.de\/WP\/wp-content\/uploads\/2026\/01\/Veranstaltung-mit-Sven-Giegold.jpg?fit=1200%2C800&resize=525%2C300 1.5x, https:\/\/i0.wp.com\/www.eichsfeldgruene.de\/WP\/wp-content\/uploads\/2026\/01\/Veranstaltung-mit-Sven-Giegold.jpg?fit=1200%2C800&resize=700%2C400 2x, https:\/\/i0.wp.com\/www.eichsfeldgruene.de\/WP\/wp-content\/uploads\/2026\/01\/Veranstaltung-mit-Sven-Giegold.jpg?fit=1200%2C800&resize=1050%2C600 3x"},"classes":[]}],"publishpress_future_action":{"enabled":false,"date":"2026-05-08 15:40:09","action":"change-status","newStatus":"draft","terms":[],"taxonomy":"category","extraData":[]},"publishpress_future_workflow_manual_trigger":{"enabledWorkflows":[]},"_links":{"self":[{"href":"http:\/\/www.eichsfeldgruene.de\/WP\/wp-json\/wp\/v2\/posts\/288","targetHints":{"allow":["GET"]}}],"collection":[{"href":"http:\/\/www.eichsfeldgruene.de\/WP\/wp-json\/wp\/v2\/posts"}],"about":[{"href":"http:\/\/www.eichsfeldgruene.de\/WP\/wp-json\/wp\/v2\/types\/post"}],"author":[{"embeddable":true,"href":"http:\/\/www.eichsfeldgruene.de\/WP\/wp-json\/wp\/v2\/users\/5"}],"replies":[{"embeddable":true,"href":"http:\/\/www.eichsfeldgruene.de\/WP\/wp-json\/wp\/v2\/comments?post=288"}],"version-history":[{"count":0,"href":"http:\/\/www.eichsfeldgruene.de\/WP\/wp-json\/wp\/v2\/posts\/288\/revisions"}],"wp:featuredmedia":[{"embeddable":true,"href":"http:\/\/www.eichsfeldgruene.de\/WP\/wp-json\/wp\/v2\/media\/248"}],"wp:attachment":[{"href":"http:\/\/www.eichsfeldgruene.de\/WP\/wp-json\/wp\/v2\/media?parent=288"}],"wp:term":[{"taxonomy":"category","embeddable":true,"href":"http:\/\/www.eichsfeldgruene.de\/WP\/wp-json\/wp\/v2\/categories?post=288"},{"taxonomy":"post_tag","embeddable":true,"href":"http:\/\/www.eichsfeldgruene.de\/WP\/wp-json\/wp\/v2\/tags?post=288"}],"curies":[{"name":"wp","href":"https:\/\/api.w.org\/{rel}","templated":true}]}}