{"id":306,"date":"2017-07-13T16:00:51","date_gmt":"2017-07-13T14:00:51","guid":{"rendered":"http:\/\/www.eichsfeldgruene.de\/WP\/?p=306"},"modified":"2017-08-31T15:44:19","modified_gmt":"2017-08-31T13:44:19","slug":"gruen-wirkt-fuer-klimaschutz-mit-bier","status":"publish","type":"post","link":"http:\/\/www.eichsfeldgruene.de\/WP\/gruen-wirkt-fuer-klimaschutz-mit-bier\/","title":{"rendered":"GR\u00dcN WIRKT! F\u00fcr Klimaschutz mit Bier"},"content":{"rendered":"<p>Mit aktivem Klimaschutz spart man richtig Geld. Das wei\u00df Bernd Ehbrecht, Gesch\u00e4ftsf\u00fchrer der Brauerei Neunspringe in Worbis. Die Brauerei erneuerte ihre K\u00e4ltetechnik mithilfe von Mitteln aus dem F\u00f6rderprogramm GREEN invest des Th\u00fcringer Ministeriums f\u00fcr Umwelt, Energie und Naturschutz (TMUEN). Deshalb hat unser Landessprecher Rainer Wernicke gemeinsam mit dem Sprecher des KV Eichsfeld Norbert Sondermann am 13.07.2017 die Brauerei besucht.<\/p>\n<p>Der Brauereichef f\u00fchrte durch den Betrieb und erkl\u00e4rte: \u201eDurch die innovative K\u00e4ltetechnik sparen wir rund 30 Prozent an Kosten.\u201c Das ist gut f\u00fcr die Umwelt und gut f\u00fcr die Wettbewerbsf\u00e4higkeit. Diesen Herbst soll deshalb die Dampferkesselanlage erneuert werden. Insgesamt belaufen sich die Investitionen auf knapp eine halbe Million Euro. Ohne die GREEN-invest-F\u00f6rdermittel w\u00e4ren solche Investitionen f\u00fcr das mittelst\u00e4ndische Unternehmen unm\u00f6glich, so Ehbrecht.<\/p>\n<p>Unter der gr\u00fcnen Umwelt- und Energieministerin Anja Siegesmund wurde das F\u00f6rderprogramm GREEN invest bei der Th\u00fcringer Aufbaubank massiv ausgeweitet. Insgesamt stehen 58,75 Millionen Euro aus EU-Strukturfonds und Landesmitteln zur Verf\u00fcgung. Damit f\u00f6rdert das TMUEN im Zeitraum bis 2020 Unternehmen, die Ma\u00dfnahmen ergreifen, um Energie effizienter zu nutzen und auf Erneuerbare Energien umzusteigen.<\/p>\n<p>Einen Wermutstropfen gebe es, so Ehbrecht. Die Zeitspanne von der Beantragung bis zur Auszahlung der F\u00f6rdermittel dauerte sehr lange. Daher m\u00fcssten Teilbetr\u00e4ge der n\u00f6tigen Investitionen teuer zwischenfinanziert werden. Diesen Hinweis nahm der Landessprecher gerne mit nach Erfurt.<\/p>\n<p>Die Brauerei Neunspringe produziert etwa 30.000 Hektoliter Bier und 60.000 Hektoliter alkoholfreie Getr\u00e4nke. Die Neunspringer Cola steht in nahezu jedem Getr\u00e4nkemarkt in Th\u00fcringen. Die Brauerei in Worbis hat in den letzten Jahren stetig zugelegt. Und legt jetzt weiter zu mit klimafreundlicher Technik. Deshalb hat Gesch\u00e4ftsf\u00fchrer Ehbrecht auch schon eine Erweiterung mit einer Photovoltaik-Anlage im Kopf.<\/p>\n<div class=\"twoclick_social_bookmarks_post_306 social_share_privacy clearfix 1.6.4 locale-de_DE sprite-de_DE\"><\/div><div class=\"twoclick-js\"><script type=\"text\/javascript\">\/* <![CDATA[ *\/\njQuery(document).ready(function($){if($('.twoclick_social_bookmarks_post_306')){$('.twoclick_social_bookmarks_post_306').socialSharePrivacy({\"services\":{\"facebook\":{\"status\":\"on\",\"txt_info\":\"2 Klicks f\\u00fcr mehr Datenschutz: Erst wenn Sie hier klicken, wird der Button aktiv und Sie k\\u00f6nnen Ihre Empfehlung an Facebook senden. Schon beim Aktivieren werden Daten an Dritte \\u00fcbertragen - siehe <em>i<\\\/em>.\",\"perma_option\":\"off\",\"action\":\"like\",\"language\":\"de_DE\"},\"twitter\":{\"reply_to\":\"\",\"tweet_text\":\"GR%C3%9CN%20WIRKT%21%20F%C3%BCr%20Klimaschutz%20mit%20Bier%20%C2%BB%20www.eichsfeldgruene.de\",\"status\":\"on\",\"txt_info\":\"2 Klicks f\\u00fcr mehr Datenschutz: Erst wenn Sie hier klicken, wird der Button aktiv und Sie k\\u00f6nnen Ihre Empfehlung an Twitter senden. Schon beim Aktivieren werden Daten an Dritte \\u00fcbertragen - siehe <em>i<\\\/em>.\",\"perma_option\":\"off\",\"language\":\"de\",\"referrer_track\":\"\"},\"gplus\":{\"status\":\"on\",\"txt_info\":\"2 Klicks f\\u00fcr mehr Datenschutz: Erst wenn Sie hier klicken, wird der Button aktiv und Sie k\\u00f6nnen Ihre Empfehlung an Google+ senden. Schon beim Aktivieren werden Daten an Dritte \\u00fcbertragen - siehe <em>i<\\\/em>.\",\"perma_option\":\"off\",\"referrer_track\":\"\"},\"pinterest\":{\"status\":\"on\",\"the_excerpt\":\"GR\\u00dcN WIRKT! F\\u00fcr Klimaschutz mit Bier\",\"txt_info\":\"2 Klicks f\\u00fcr mehr Datenschutz: Erst wenn Sie hier klicken, wird der Button aktiv und Sie k\\u00f6nnen Ihre Empfehlung an Pinterest senden. Schon beim Aktivieren werden Daten an Dritte \\u00fcbertragen - siehe <em>i<\\\/em>.\",\"perma_option\":\"off\",\"media\":\"http:\\\/\\\/www.eichsfeldgruene.de\\\/WP\\\/wp-content\\\/uploads\\\/2017\\\/08\\\/Rainer_Brauhaus_IMG_2050-800x600.jpg\"},\"linkedin\":{\"status\":\"on\",\"txt_info\":\"2 Klicks f\\u00fcr mehr Datenschutz: Erst wenn Sie hier klicken, wird der Button aktiv und Sie k\\u00f6nnen Ihre Empfehlung an LinkedIn senden. Schon beim Aktivieren werden Daten an Dritte \\u00fcbertragen - siehe <em>i<\\\/em>.\",\"perma_option\":\"off\"}},\"txt_help\":\"Wenn Sie diese Felder durch einen Klick aktivieren, werden Informationen an Facebook, Twitter, Flattr, Xing, t3n, LinkedIn, Pinterest oder Google eventuell ins Ausland \\u00fcbertragen und unter Umst\\u00e4nden auch dort gespeichert. N\\u00e4heres erfahren Sie durch einen Klick auf das <em>i<\\\/em>.\",\"settings_perma\":\"Dauerhaft aktivieren und Daten\\u00fcber-tragung zustimmen:\",\"info_link\":\"http:\\\/\\\/www.heise.de\\\/ct\\\/artikel\\\/2-Klicks-fuer-mehr-Datenschutz-1333879.html\",\"uri\":\"http:\\\/\\\/www.eichsfeldgruene.de\\\/WP\\\/gruen-wirkt-fuer-klimaschutz-mit-bier\\\/\",\"post_id\":306,\"post_title_referrer_track\":\"GR%C3%9CN+WIRKT%21+F%C3%BCr+Klimaschutz+mit+Bier\",\"display_infobox\":\"on\"});}});\n\/* ]]> *\/<\/script><\/div>","protected":false},"excerpt":{"rendered":"<p>Mit aktivem Klimaschutz spart man richtig Geld. Das wei\u00df Bernd Ehbrecht, Gesch\u00e4ftsf\u00fchrer der Brauerei Neunspringe in Worbis. Die Brauerei erneuerte ihre K\u00e4ltetechnik mithilfe von Mitteln aus dem F\u00f6rderprogramm GREEN invest [&hellip;]<\/p>\n","protected":false},"author":-1,"featured_media":305,"comment_status":"open","ping_status":"open","sticky":false,"template":"","format":"standard","meta":{"_jetpack_newsletter_access":"","_jetpack_dont_email_post_to_subs":false,"_jetpack_newsletter_tier_id":0,"_jetpack_memberships_contains_paywalled_content":false,"_jetpack_memberships_contains_paid_content":false,"footnotes":""},"categories":[2,5,20],"tags":[],"class_list":["post-306","post","type-post","status-publish","format-standard","has-post-thumbnail","hentry","category-kreisverband","category-landespolitik","category-umweltschutz"],"jetpack_featured_media_url":"https:\/\/i0.wp.com\/www.eichsfeldgruene.de\/WP\/wp-content\/uploads\/2017\/08\/Rainer_Brauhaus_IMG_2050-800x600.jpg?fit=800%2C600","jetpack_sharing_enabled":true,"jetpack_shortlink":"https:\/\/wp.me\/p8yqO4-4W","jetpack-related-posts":[{"id":1148,"url":"http:\/\/www.eichsfeldgruene.de\/WP\/wahlprogramm-zur-kreistagswahl-2019\/","url_meta":{"origin":306,"position":0},"title":"Wahlprogramm zur Kreistagswahl 2019","author":"Norbert Sondermann","date":"24. April 2019","format":false,"excerpt":"Liebe Eichsfelderinnen und Eichsfelder, am 26. Mai 2019 w\u00e4hlen Sie einen neuen Kreistag, Stadtr\u00e4te, Gemeinde- und Ortsr\u00e4te. Auch das Europaparlament wird an diesem Tag neu gew\u00e4hlt. Wir Eichsfeldgr\u00fcne haben deshalb unsere Kampagne f\u00fcr die Kommunalwahlen unter das Motto \u201eWeil wir hier leben\u201c gestellt, weil wir von dem Prinzip eines Europas\u2026","rel":"","context":"In &quot;Kommunalwahl&quot;","block_context":{"text":"Kommunalwahl","link":"http:\/\/www.eichsfeldgruene.de\/WP\/Thema\/wahlen\/kommunalwahl\/"},"img":{"alt_text":"","src":"https:\/\/i0.wp.com\/www.eichsfeldgruene.de\/WP\/wp-content\/uploads\/2017\/04\/10021002-e1491395538899.jpg?fit=887%2C436&resize=350%2C200","width":350,"height":200,"srcset":"https:\/\/i0.wp.com\/www.eichsfeldgruene.de\/WP\/wp-content\/uploads\/2017\/04\/10021002-e1491395538899.jpg?fit=887%2C436&resize=350%2C200 1x, https:\/\/i0.wp.com\/www.eichsfeldgruene.de\/WP\/wp-content\/uploads\/2017\/04\/10021002-e1491395538899.jpg?fit=887%2C436&resize=525%2C300 1.5x, https:\/\/i0.wp.com\/www.eichsfeldgruene.de\/WP\/wp-content\/uploads\/2017\/04\/10021002-e1491395538899.jpg?fit=887%2C436&resize=700%2C400 2x"},"classes":[]},{"id":338,"url":"http:\/\/www.eichsfeldgruene.de\/WP\/jahreshauptversammlung-2018-in-reifenstein\/","url_meta":{"origin":306,"position":1},"title":"Jahreshauptversammlung 2018 in Reifenstein","author":"Norbert Sondermann","date":"18. Januar 2018","format":false,"excerpt":"Am Samstag, den 13. Januar 2018, kamen die Mitglieder der Eichsfeldgr\u00fcnen zu ihrer Jahreshauptversammlung im Naturschutzzentrum Reifenstein zusammen. Besonders begr\u00fc\u00dfen konnten die gr\u00fcn engagierten Eichsfelder und Eichsfelderinnen den Fraktionsvorsitzenden der Landtagsfraktion Dirk Adams aus Erfurt. Die lebhafte Diskussion zu bundes- und landespolitischen Themen belegte, wie sehr auch auf regionaler Ebene\u2026","rel":"","context":"In &quot;Kreisverband&quot;","block_context":{"text":"Kreisverband","link":"http:\/\/www.eichsfeldgruene.de\/WP\/Thema\/kreisverband\/"},"img":{"alt_text":"","src":"https:\/\/i0.wp.com\/www.eichsfeldgruene.de\/WP\/wp-content\/uploads\/2018\/01\/JHV-2018_Reifenstein.jpg?fit=960%2C960&resize=350%2C200","width":350,"height":200,"srcset":"https:\/\/i0.wp.com\/www.eichsfeldgruene.de\/WP\/wp-content\/uploads\/2018\/01\/JHV-2018_Reifenstein.jpg?fit=960%2C960&resize=350%2C200 1x, https:\/\/i0.wp.com\/www.eichsfeldgruene.de\/WP\/wp-content\/uploads\/2018\/01\/JHV-2018_Reifenstein.jpg?fit=960%2C960&resize=525%2C300 1.5x, https:\/\/i0.wp.com\/www.eichsfeldgruene.de\/WP\/wp-content\/uploads\/2018\/01\/JHV-2018_Reifenstein.jpg?fit=960%2C960&resize=700%2C400 2x"},"classes":[]},{"id":1142,"url":"http:\/\/www.eichsfeldgruene.de\/WP\/wahlprogramm-zur-stadtratswahl-in-heilbad-heiligenstadt-2019\/","url_meta":{"origin":306,"position":2},"title":"Wahlprogramm zur Stadtratswahl in Heilbad Heiligenstadt 2019","author":"Claudius Hille","date":"23. April 2019","format":false,"excerpt":"GEMEINSAM F\u00dcR HEILIGENSTADT - GR\u00dcN TUT Heiligenstadt GUT! Deshalb stehen auf unserer Liste f\u00fcr den Heiligenst\u00e4dter Stadtrat B\u00dcNDNISGR\u00dcNE Parteimitglieder UND Menschen, die mit ihren Ideen und ihrem Engagement und Ideen die Positionen unserer Partei verst\u00e4rken. Wir treten bei der Kommunalwahl am 26. Mai 2019 gemeinsam daf\u00fcr an, dass f\u00fcr den\u2026","rel":"","context":"In &quot;Kommunalwahl&quot;","block_context":{"text":"Kommunalwahl","link":"http:\/\/www.eichsfeldgruene.de\/WP\/Thema\/wahlen\/kommunalwahl\/"},"img":{"alt_text":"","src":"https:\/\/i0.wp.com\/www.eichsfeldgruene.de\/WP\/wp-content\/uploads\/2017\/04\/10021002-e1491395538899.jpg?fit=887%2C436&resize=350%2C200","width":350,"height":200,"srcset":"https:\/\/i0.wp.com\/www.eichsfeldgruene.de\/WP\/wp-content\/uploads\/2017\/04\/10021002-e1491395538899.jpg?fit=887%2C436&resize=350%2C200 1x, https:\/\/i0.wp.com\/www.eichsfeldgruene.de\/WP\/wp-content\/uploads\/2017\/04\/10021002-e1491395538899.jpg?fit=887%2C436&resize=525%2C300 1.5x, https:\/\/i0.wp.com\/www.eichsfeldgruene.de\/WP\/wp-content\/uploads\/2017\/04\/10021002-e1491395538899.jpg?fit=887%2C436&resize=700%2C400 2x"},"classes":[]},{"id":8171,"url":"http:\/\/www.eichsfeldgruene.de\/WP\/erhalt-vor-ausbeutung-gruene-winterwanderung-im-keulaer-wald-setzt-klares-zeichen-gegen-zementwerk-erweiterung\/","url_meta":{"origin":306,"position":3},"title":"Erhalt vor Ausbeutung \u2013 Gr\u00fcne Winterwanderung im Keulaer Wald setzt klares Zeichen gegen Zementwerk-Erweiterung","author":"Christian Beykirch","date":"9. Februar 2026","format":false,"excerpt":"KEULA \/ DEUNA \u2013 Am vergangenen Sonntag versammelten sich interessierte B\u00fcrgerinnen und B\u00fcrger sowie Natursch\u00fctzer am Keulaer Wald, um sich ein Bild von der drohenden Gefahr f\u00fcr das lokale \u00d6kosystem zu machen. Der geplante Kalksteinabbau zur Erweiterung des Zementwerks Deuna ist mit dem Erhalt dieses wertvollen Buchenwaldes nicht vereinbar. Weitere\u2026","rel":"","context":"In &quot;Allgemein&quot;","block_context":{"text":"Allgemein","link":"http:\/\/www.eichsfeldgruene.de\/WP\/Thema\/allgemein\/"},"img":{"alt_text":"","src":"https:\/\/i0.wp.com\/www.eichsfeldgruene.de\/WP\/wp-content\/uploads\/2026\/02\/signal-2026-02-08-164941_004.jpeg?fit=1200%2C675&resize=350%2C200","width":350,"height":200,"srcset":"https:\/\/i0.wp.com\/www.eichsfeldgruene.de\/WP\/wp-content\/uploads\/2026\/02\/signal-2026-02-08-164941_004.jpeg?fit=1200%2C675&resize=350%2C200 1x, https:\/\/i0.wp.com\/www.eichsfeldgruene.de\/WP\/wp-content\/uploads\/2026\/02\/signal-2026-02-08-164941_004.jpeg?fit=1200%2C675&resize=525%2C300 1.5x, https:\/\/i0.wp.com\/www.eichsfeldgruene.de\/WP\/wp-content\/uploads\/2026\/02\/signal-2026-02-08-164941_004.jpeg?fit=1200%2C675&resize=700%2C400 2x, https:\/\/i0.wp.com\/www.eichsfeldgruene.de\/WP\/wp-content\/uploads\/2026\/02\/signal-2026-02-08-164941_004.jpeg?fit=1200%2C675&resize=1050%2C600 3x"},"classes":[]},{"id":387,"url":"http:\/\/www.eichsfeldgruene.de\/WP\/erweiterung-milchviehstall-ueberdimensioniert-gruene-unterstuetzen-buergerinitiative\/","url_meta":{"origin":306,"position":4},"title":"Erweiterung Milchviehstall \u00fcberdimensioniert &#8211; Gr\u00fcne unterst\u00fctzen B\u00fcrgerinitiative","author":"Norbert Sondermann","date":"22. Mai 2018","format":false,"excerpt":"Unsere letzte Mitgliederversammlung am 22.05. f\u00fchrten wir in Steinheuterode durch. Hintergrund ist, dass in dem Dorf mit 260 Einwohner*innen ein Milchviehstall mit 2.667 Milchk\u00fchen existiert, dessen Bestand noch einmal um 600 Tiere erh\u00f6ht werden soll. Gegen die damit in Verbindung stehenden Belastungen hat sich eine B\u00fcrgerinitiative gegr\u00fcndet. Zudem haben sich\u2026","rel":"","context":"In &quot;Kreisverband&quot;","block_context":{"text":"Kreisverband","link":"http:\/\/www.eichsfeldgruene.de\/WP\/Thema\/kreisverband\/"},"img":{"alt_text":"","src":"https:\/\/i0.wp.com\/www.eichsfeldgruene.de\/WP\/wp-content\/uploads\/2018\/06\/Steinheuterode3.jpg?fit=640%2C480&resize=350%2C200","width":350,"height":200,"srcset":"https:\/\/i0.wp.com\/www.eichsfeldgruene.de\/WP\/wp-content\/uploads\/2018\/06\/Steinheuterode3.jpg?fit=640%2C480&resize=350%2C200 1x, https:\/\/i0.wp.com\/www.eichsfeldgruene.de\/WP\/wp-content\/uploads\/2018\/06\/Steinheuterode3.jpg?fit=640%2C480&resize=525%2C300 1.5x"},"classes":[]},{"id":6878,"url":"http:\/\/www.eichsfeldgruene.de\/WP\/kommunalwahlprogramm-2024-fuer-unseren-landkreis-eichsfeld\/","url_meta":{"origin":306,"position":5},"title":"Kommunalwahlprogramm 2024 f\u00fcr unseren Landkreis Eichsfeld","author":"Claudius Hille","date":"25. April 2024","format":false,"excerpt":"\"Zukunft wird vor Ort gemacht\" \u2013 12 Punkte f\u00fcr einen lebenswerten Landkreis Wir als b\u00fcndnisgr\u00fcner Kreisverband im Eichsfeld wollen mit folgenden 12 Kernpunkten aktiv zur Gestaltung und Weiterentwicklung des Landkreises beitragen. Dabei stehen die Menschen in ihrer Lebenswelt im Mittelpunkt aber auch eine klimafreundliche Landkreisgestaltung. Wir werben mit einem Programm,\u2026","rel":"","context":"In &quot;Kommunalwahl&quot;","block_context":{"text":"Kommunalwahl","link":"http:\/\/www.eichsfeldgruene.de\/WP\/Thema\/wahlen\/kommunalwahl\/"},"img":{"alt_text":"Sonnenblume","src":"https:\/\/i0.wp.com\/www.eichsfeldgruene.de\/WP\/wp-content\/uploads\/2021\/09\/sunflower-1536088_1920.jpg?fit=1200%2C786&resize=350%2C200","width":350,"height":200,"srcset":"https:\/\/i0.wp.com\/www.eichsfeldgruene.de\/WP\/wp-content\/uploads\/2021\/09\/sunflower-1536088_1920.jpg?fit=1200%2C786&resize=350%2C200 1x, https:\/\/i0.wp.com\/www.eichsfeldgruene.de\/WP\/wp-content\/uploads\/2021\/09\/sunflower-1536088_1920.jpg?fit=1200%2C786&resize=525%2C300 1.5x, https:\/\/i0.wp.com\/www.eichsfeldgruene.de\/WP\/wp-content\/uploads\/2021\/09\/sunflower-1536088_1920.jpg?fit=1200%2C786&resize=700%2C400 2x, https:\/\/i0.wp.com\/www.eichsfeldgruene.de\/WP\/wp-content\/uploads\/2021\/09\/sunflower-1536088_1920.jpg?fit=1200%2C786&resize=1050%2C600 3x"},"classes":[]}],"publishpress_future_action":{"enabled":false,"date":"2026-05-10 13:14:50","action":"change-status","newStatus":"draft","terms":[],"taxonomy":"category","extraData":[]},"publishpress_future_workflow_manual_trigger":{"enabledWorkflows":[]},"_links":{"self":[{"href":"http:\/\/www.eichsfeldgruene.de\/WP\/wp-json\/wp\/v2\/posts\/306","targetHints":{"allow":["GET"]}}],"collection":[{"href":"http:\/\/www.eichsfeldgruene.de\/WP\/wp-json\/wp\/v2\/posts"}],"about":[{"href":"http:\/\/www.eichsfeldgruene.de\/WP\/wp-json\/wp\/v2\/types\/post"}],"author":[{"embeddable":true,"href":"http:\/\/www.eichsfeldgruene.de\/WP\/wp-json\/wp\/v2\/users\/5"}],"replies":[{"embeddable":true,"href":"http:\/\/www.eichsfeldgruene.de\/WP\/wp-json\/wp\/v2\/comments?post=306"}],"version-history":[{"count":0,"href":"http:\/\/www.eichsfeldgruene.de\/WP\/wp-json\/wp\/v2\/posts\/306\/revisions"}],"wp:featuredmedia":[{"embeddable":true,"href":"http:\/\/www.eichsfeldgruene.de\/WP\/wp-json\/wp\/v2\/media\/305"}],"wp:attachment":[{"href":"http:\/\/www.eichsfeldgruene.de\/WP\/wp-json\/wp\/v2\/media?parent=306"}],"wp:term":[{"taxonomy":"category","embeddable":true,"href":"http:\/\/www.eichsfeldgruene.de\/WP\/wp-json\/wp\/v2\/categories?post=306"},{"taxonomy":"post_tag","embeddable":true,"href":"http:\/\/www.eichsfeldgruene.de\/WP\/wp-json\/wp\/v2\/tags?post=306"}],"curies":[{"name":"wp","href":"https:\/\/api.w.org\/{rel}","templated":true}]}}