{"id":338,"date":"2018-01-18T10:32:52","date_gmt":"2018-01-18T09:32:52","guid":{"rendered":"http:\/\/www.eichsfeldgruene.de\/WP\/?p=338"},"modified":"2018-01-18T10:34:11","modified_gmt":"2018-01-18T09:34:11","slug":"jahreshauptversammlung-2018-in-reifenstein","status":"publish","type":"post","link":"http:\/\/www.eichsfeldgruene.de\/WP\/jahreshauptversammlung-2018-in-reifenstein\/","title":{"rendered":"Jahreshauptversammlung 2018 in Reifenstein"},"content":{"rendered":"<p><span style=\"font-family: Syntax, monospace;\"><span style=\"font-size: small;\"><span style=\"font-family: Arial, sans-serif;\"><span style=\"font-size: medium;\">Am Samstag, den 13. Januar 2018, kamen die Mitglieder der Eichsfeldgr\u00fcnen zu ihrer Jahreshauptversammlung im Naturschutzzentrum Reifenstein zusammen. Besonders begr\u00fc\u00dfen konnten die gr\u00fcn engagierten Eichsfelder und Eichsfelderinnen den Fraktionsvorsitzenden der Landtagsfraktion Dirk Adams aus Erfurt. Die lebhafte Diskussion zu bundes- und landespolitischen Themen belegte, wie sehr auch auf regionaler Ebene die Regierungsbildung im Bund verfolgt wird. Dass die gr\u00fcnen Themen wie Umwelt, Klimaschutz und B\u00fcrgerrechte in den Verhandlungen zu einer gro\u00dfen Koalition jetzt so gut wie nicht mehr vorkommen, dokumentiert den fehlenden Willen einer m\u00f6glichen GroKo langfristig Politik f\u00fcr dieses Land zu gestalten. Grunds\u00e4tzlich wurde auch die Chance einer Minderheitsregierung mit gr\u00fcner Beteiligung positiv diskutiert.<\/span><\/span><\/span><\/span><\/p>\n<p><span style=\"font-family: Syntax, monospace;\"><span style=\"font-size: small;\"><span style=\"font-family: Arial, sans-serif;\"><span style=\"font-size: medium;\">Die Diskussion im Eichsfeld machte klar, dass die Eichsfeldgr\u00fcnen ihre Kraft auf den Wiedereinzug in den Kreistag und andere kommunale Parlamente in den kommenden Wahlen ausrichten wollen. Wie auf Landesebene will man sich auf die Belange von Umwelt- und Naturschutz im Kreis konzentrieren. Einig war man sich, dass die Chancen aus dem Prozess der Entwicklung des ehemaligen Grenzstreifens zum Nationalen Naturmonument mit seiner Natur und seiner geschichtlichen Bedeutung im Eichsfeld ernsthaft genutzt werden m\u00fcssen. Mit einer besseren Vernetzung des Naturparkgedankens sieht man zus\u00e4tzliches Potential f\u00fcr eine gute Entwicklung der Gemeinden. Dagegen werden \u00fcberfl\u00fcssige Stra\u00dfenbauprojekte wie der Neubau der B247 durch das Hahletal weiterhin strikt abgelehnt. <\/span><\/span><\/span><\/span><\/p>\n<p><span style=\"font-family: Syntax, monospace;\"><span style=\"font-size: small;\"><span style=\"font-family: Arial, sans-serif;\"><span style=\"font-size: medium;\">Die Eichsfeldgr\u00fcnen stehen zudem f\u00fcr eine glyphosatfreie Landwirtschaft mit gesunden B\u00f6den, welche die Erzeugung guter Lebensmittel erm\u00f6glicht. Dazu haben sie in diesem Jahr den \u00d6ko-Landwirt und gr\u00fcnen Europapolitiker Martin H\u00e4usling ins Eichsfeld eingeladen. Aber auch die Haltung der Eichsfelder Mitglieder zur Gebietsreform wurde intensiv diskutiert. Grunds\u00e4tzlich sieht man einen deutlich gr\u00f6\u00dferen Bedarf an Beteiligung und nachvollziehbaren Entscheidungen, unabh\u00e4ngig davon, dass es eine Reihe nachvollziehbarer Argumente f\u00fcr eine solche Reform gibt. Dirk Adams, der auch Innenexperte seiner Fraktion ist, sagte den Eichsfeldgr\u00fcnen in weiteren Diskussionen seine Unterst\u00fctzung zu. <\/span><\/span><\/span><\/span><\/p>\n<p><span style=\"font-family: Syntax, monospace;\"><span style=\"font-size: small;\"><span style=\"font-family: Arial, sans-serif;\"><span style=\"font-size: medium;\">Zum Abschluss wurde der Vorstand neu gew\u00e4hlt. Zu Kreissprechern der Eichsfeldgr\u00fcnen wurden Claudius Hille und Norbert Sondermann gew\u00e4hlt, beide aus Heiligenstadt. Zur \u00dcbernahme des Schatzmeisteramtes wurde Thomas Keppler aus Kreuzebra bestimmt. Zu Beisitzern im Vorstand wurden Lothar Wandt aus Brehme und Alois Opfermann aus Dingelst\u00e4dt gew\u00e4hlt.<\/span><\/span><\/span><\/span><\/p>\n<div id=\"envira-gallery-wrap-335\" class=\"envira-gallery-wrap envira-lazy-loading-enabled envira-layout-automatic\" itemscope itemtype=\"https:\/\/schema.org\/ImageGallery\"><div class=\"envira-loader\"><div><\/div><div><\/div><div><\/div><div><\/div><\/div><div id=\"envira-gallery-335\" class=\"envira-gallery-public envira-gallery-0-columns envira-clear envira-gallery-justified-public\" data-envira-id=\"335\" data-gallery-config='{\"type\":\"default\",\"columns\":\"0\",\"gallery_theme\":\"base\",\"justified_gallery_theme\":\"normal\",\"gutter\":10,\"margin\":10,\"image_size\":\"default\",\"crop_width\":640,\"crop_height\":480,\"crop\":0,\"lazy_loading\":1,\"lazy_loading_delay\":500,\"justified_row_height\":150,\"lightbox_enabled\":1,\"lightbox_theme\":\"base\",\"lightbox_image_size\":\"default\",\"title_display\":\"float\",\"classes\":[\"\"],\"rtl\":0,\"title\":\"Jahreshauptversammlung 2017\",\"slug\":\"jahreshauptversammlung-2017\",\"layout\":\"automatic\",\"gallery_id\":\"335\"}' data-gallery-images='[{\"status\":\"active\",\"src\":\"http:\\\/\\\/www.eichsfeldgruene.de\\\/WP\\\/wp-content\\\/uploads\\\/2018\\\/01\\\/IMG_4272.jpg\",\"title\":\"Neuer Vorstand: Alois Opfermann, Norbert Sondermann, Thomas Keppler, Claudius Hille und Lothar Wandt (von links nach rechts)\",\"link\":\"http:\\\/\\\/www.eichsfeldgruene.de\\\/WP\\\/wp-content\\\/uploads\\\/2018\\\/01\\\/IMG_4272.jpg\",\"alt\":\"Vorstand der Eichsfeldgr&uuml;nen\",\"caption\":false,\"thumb\":\"http:\\\/\\\/www.eichsfeldgruene.de\\\/WP\\\/wp-content\\\/uploads\\\/2018\\\/01\\\/IMG_4272-75x50_c.jpg\",\"meta\":{\"aperture\":\"1.8\",\"credit\":null,\"camera\":\"iPhone 7 Plus\",\"caption\":\"\",\"created_timestamp\":\"1515866150\",\"copyright\":null,\"focal_length\":\"3.99\",\"iso\":\"100\",\"shutter_speed\":\"0.058823529411765\",\"title\":\"\",\"orientation\":\"1\",\"keywords\":null,\"resized_images\":null},\"thumbnail\":\"https:\\\/\\\/i0.wp.com\\\/www.eichsfeldgruene.de\\\/WP\\\/wp-content\\\/uploads\\\/2018\\\/01\\\/IMG_4272.jpg?resize=150%2C150\",\"medium\":\"https:\\\/\\\/i0.wp.com\\\/www.eichsfeldgruene.de\\\/WP\\\/wp-content\\\/uploads\\\/2018\\\/01\\\/IMG_4272.jpg?fit=400%2C300\",\"medium_large\":\"https:\\\/\\\/i0.wp.com\\\/www.eichsfeldgruene.de\\\/WP\\\/wp-content\\\/uploads\\\/2018\\\/01\\\/IMG_4272.jpg?fit=640%2C480\",\"large\":\"https:\\\/\\\/i0.wp.com\\\/www.eichsfeldgruene.de\\\/WP\\\/wp-content\\\/uploads\\\/2018\\\/01\\\/IMG_4272.jpg?fit=640%2C480\",\"1536x1536\":\"https:\\\/\\\/i0.wp.com\\\/www.eichsfeldgruene.de\\\/WP\\\/wp-content\\\/uploads\\\/2018\\\/01\\\/IMG_4272.jpg?fit=640%2C480\",\"2048x2048\":\"https:\\\/\\\/i0.wp.com\\\/www.eichsfeldgruene.de\\\/WP\\\/wp-content\\\/uploads\\\/2018\\\/01\\\/IMG_4272.jpg?fit=640%2C480\",\"full\":\"https:\\\/\\\/i0.wp.com\\\/www.eichsfeldgruene.de\\\/WP\\\/wp-content\\\/uploads\\\/2018\\\/01\\\/IMG_4272.jpg?fit=640%2C480\",\"index\":0,\"id\":336,\"video\":false,\"opts\":{\"caption\":\"\",\"thumb\":\"http:\\\/\\\/www.eichsfeldgruene.de\\\/WP\\\/wp-content\\\/uploads\\\/2018\\\/01\\\/IMG_4272-75x50_c.jpg\",\"title\":\"Neuer Vorstand: Alois Opfermann, Norbert Sondermann, Thomas Keppler, Claudius Hille und Lothar Wandt (von links nach rechts)\"},\"gallery_id\":\"335\"},{\"status\":\"active\",\"src\":\"http:\\\/\\\/www.eichsfeldgruene.de\\\/WP\\\/wp-content\\\/uploads\\\/2018\\\/01\\\/JHV-2018_Reifenstein.jpg\",\"title\":\"Veranstaltungsort war das Naturschutzzentrum des NABU in Reifenstein\",\"link\":\"http:\\\/\\\/www.eichsfeldgruene.de\\\/WP\\\/wp-content\\\/uploads\\\/2018\\\/01\\\/JHV-2018_Reifenstein.jpg\",\"alt\":\"Naturschutzzentrum in Reifenstein\",\"caption\":false,\"thumb\":\"http:\\\/\\\/www.eichsfeldgruene.de\\\/WP\\\/wp-content\\\/uploads\\\/2018\\\/01\\\/JHV-2018_Reifenstein-75x50_c.jpg\",\"meta\":{\"aperture\":null,\"credit\":null,\"camera\":null,\"caption\":\"\",\"created_timestamp\":null,\"copyright\":null,\"focal_length\":null,\"iso\":null,\"shutter_speed\":null,\"title\":\"\",\"orientation\":\"1\",\"keywords\":null,\"resized_images\":null},\"thumbnail\":\"https:\\\/\\\/i0.wp.com\\\/www.eichsfeldgruene.de\\\/WP\\\/wp-content\\\/uploads\\\/2018\\\/01\\\/JHV-2018_Reifenstein.jpg?resize=150%2C150\",\"medium\":\"https:\\\/\\\/i0.wp.com\\\/www.eichsfeldgruene.de\\\/WP\\\/wp-content\\\/uploads\\\/2018\\\/01\\\/JHV-2018_Reifenstein.jpg?fit=400%2C400\",\"medium_large\":\"https:\\\/\\\/i0.wp.com\\\/www.eichsfeldgruene.de\\\/WP\\\/wp-content\\\/uploads\\\/2018\\\/01\\\/JHV-2018_Reifenstein.jpg?fit=768%2C768\",\"large\":\"https:\\\/\\\/i0.wp.com\\\/www.eichsfeldgruene.de\\\/WP\\\/wp-content\\\/uploads\\\/2018\\\/01\\\/JHV-2018_Reifenstein.jpg?fit=800%2C800\",\"1536x1536\":\"https:\\\/\\\/i0.wp.com\\\/www.eichsfeldgruene.de\\\/WP\\\/wp-content\\\/uploads\\\/2018\\\/01\\\/JHV-2018_Reifenstein.jpg?fit=960%2C960\",\"2048x2048\":\"https:\\\/\\\/i0.wp.com\\\/www.eichsfeldgruene.de\\\/WP\\\/wp-content\\\/uploads\\\/2018\\\/01\\\/JHV-2018_Reifenstein.jpg?fit=960%2C960\",\"full\":\"https:\\\/\\\/i0.wp.com\\\/www.eichsfeldgruene.de\\\/WP\\\/wp-content\\\/uploads\\\/2018\\\/01\\\/JHV-2018_Reifenstein.jpg?fit=960%2C960\",\"index\":1,\"id\":337,\"video\":false,\"opts\":{\"caption\":\"\",\"thumb\":\"http:\\\/\\\/www.eichsfeldgruene.de\\\/WP\\\/wp-content\\\/uploads\\\/2018\\\/01\\\/JHV-2018_Reifenstein-75x50_c.jpg\",\"title\":\"Veranstaltungsort war das Naturschutzzentrum des NABU in Reifenstein\"},\"gallery_id\":\"335\"}]' data-lightbox-theme='{&quot;arrows&quot;:1,&quot;margins&quot;:[220,0],&quot;gutter&quot;:&quot;50&quot;,&quot;base_template&quot;:&quot;&lt;div id=\\&quot;envirabox-335\\&quot; data-envirabox-id=\\&quot;335\\&quot; class=\\&quot;envirabox-container envirabox-theme-base envirabox-wrap\\&quot; role=\\&quot;dialog\\&quot;&gt;&lt;div class=\\&quot;envirabox-bg\\&quot;&gt;&lt;\\\/div&gt;&lt;div class=\\&quot;envirabox-outer\\&quot;&gt;&lt;div class=\\&quot;envirabox-inner\\&quot;&gt;&lt;div id=\\&quot;envirabox-buttons\\&quot; class=\\&quot;envirabox-infobar top\\&quot;&gt;&lt;ul&gt;&lt;li&gt;&lt;a data-envirabox-prev class=\\&quot;btnPrev\\&quot; title=\\&quot;Previous\\&quot; href=\\&quot;#\\&quot;&gt;&lt;\\\/a&gt;&lt;\\\/li&gt;&lt;li&gt;&lt;a data-envirabox-next class=\\&quot;btnNext\\&quot; title=\\&quot;Next\\&quot; href=\\&quot;#\\&quot;&gt;&lt;\\\/a&gt;&lt;\\\/li&gt;&lt;li&gt;&lt;a data-envirabox-close class=\\&quot;btnClose\\&quot; title=\\&quot;Close\\&quot; href=\\&quot;javascript:;\\&quot;&gt;&lt;\\\/a&gt;&lt;\\\/li&gt;&lt;\\\/ul&gt;&lt;\\\/div&gt;&lt;div class=\\&quot;envirabox-position-overlay envira-gallery-top-left\\&quot;&gt;&lt;\\\/div&gt;&lt;div class=\\&quot;envirabox-position-overlay envira-gallery-top-right\\&quot;&gt;&lt;\\\/div&gt;&lt;div class=\\&quot;envirabox-position-overlay envira-gallery-bottom-left\\&quot;&gt;&lt;\\\/div&gt;&lt;div class=\\&quot;envirabox-position-overlay envira-gallery-bottom-right\\&quot;&gt;&lt;\\\/div&gt;&lt;div class=\\&quot;envirabox-stage\\&quot;&gt;&lt;\\\/div&gt;&lt;\\\/div&gt;&lt;\\\/div&gt;&lt;\\\/div&gt;&quot;,&quot;load_all&quot;:false,&quot;error_template&quot;:&quot;&lt;div class=\\&quot;envirabox-error\\&quot;&gt;&lt;p&gt;{{ERROR}}&lt;p&gt;&lt;\\\/div&gt;&quot;,&quot;inner_caption&quot;:true,&quot;caption_position&quot;:&quot;float&quot;,&quot;thumbs_position&quot;:&quot;bottom&quot;,&quot;arrow_position&quot;:&quot;inside&quot;,&quot;toolbar&quot;:false,&quot;infobar&quot;:true,&quot;show_smallbtn&quot;:true,&quot;idle_time&quot;:false,&quot;click_content&quot;:false,&quot;click_slide&quot;:false,&quot;click_outside&quot;:false,&quot;animation_duration&quot;:false,&quot;transition_duration&quot;:false,&quot;small_btn_template&quot;:&quot;&lt;a data-envirabox-close class=\\&quot;envirabox-item envirabox-close envirabox-button--close\\&quot; title=\\&quot;Close\\&quot; href=\\&quot;#\\&quot;&gt;&lt;\\\/a&gt;&quot;}' data-parsed-attrs='{\"id\":\"335\",\"cache\":true}'><div id=\"envira-gallery-item-336\" class=\"envira-gallery-item envira-gallery-item-1 envira-lazy-load\" style=\"padding-left: 5px; padding-bottom: 10px; padding-right: 5px;\"  itemscope itemtype=\"https:\/\/schema.org\/ImageObject\"><div class=\"envira-gallery-item-inner\"><div class=\"envira-gallery-position-overlay envira-gallery-top-left\"><\/div><div class=\"envira-gallery-position-overlay envira-gallery-top-right\"><\/div><div class=\"envira-gallery-position-overlay envira-gallery-bottom-left\"><\/div><div class=\"envira-gallery-position-overlay envira-gallery-bottom-right\"><\/div><a class=\"envira-gallery-335 envira-gallery-link\" href=\"https:\/\/i0.wp.com\/www.eichsfeldgruene.de\/WP\/wp-content\/uploads\/2018\/01\/IMG_4272.jpg\" title=\"Neuer Vorstand: Alois Opfermann, Norbert Sondermann, Thomas Keppler, Claudius Hille und Lothar Wandt (von links nach rechts)\" data-caption=\"\" data-envira-item-id=\"336\" data-envira-retina=\"https:\/\/i0.wp.com\/www.eichsfeldgruene.de\/WP\/wp-content\/uploads\/2018\/01\/IMG_4272.jpg?fit=640%2C480\" data-thumb=\"http:\/\/www.eichsfeldgruene.de\/WP\/wp-content\/uploads\/2018\/01\/IMG_4272-75x50_c.jpg\" data-title=\"Neuer Vorstand: Alois Opfermann, Norbert Sondermann, Thomas Keppler, Claudius Hille und Lothar Wandt (von links nach rechts)\" data-envirabox='335' itemprop=\"contentUrl\"><img loading=\"lazy\" decoding=\"async\" src=\"https:\/\/i0.wp.com\/www.eichsfeldgruene.de\/WP\/wp-content\/uploads\/2018\/01\/IMG_4272.jpg?fit=640%2C480\" alt=\"Vorstand der Eichsfeldgr&uuml;nen\" class=\"envira-gallery-image envira-gallery-image-1    envira-lazy\" height=\"480\" id=\"envira-gallery-image-336\" srcset=\"data:image\/gif;base64,R0lGODlhAQABAIAAAP\/\/\/\/\/\/\/yH5BAEKAAEALAAAAAABAAEAAAICTAEAOw==\" tabindex=\"-1\" title=\"Neuer Vorstand: Alois Opfermann, Norbert Sondermann, Thomas Keppler, Claudius Hille und Lothar Wandt (von links nach rechts)\" width=\"640\" data-caption=\"\" data-envira-gallery-id=\"335\" data-envira-index=\"0\" data-envira-item-id=\"336\" data-envira-src=\"https:\/\/i0.wp.com\/www.eichsfeldgruene.de\/WP\/wp-content\/uploads\/2018\/01\/IMG_4272.jpg?fit=640%2C480\" data-envira-srcset=\"https:\/\/i0.wp.com\/www.eichsfeldgruene.de\/WP\/wp-content\/uploads\/2018\/01\/IMG_4272.jpg?fit=640%2C480 400w, https:\/\/i0.wp.com\/www.eichsfeldgruene.de\/WP\/wp-content\/uploads\/2018\/01\/IMG_4272.jpg?fit=640%2C480 2x\" data-title=\"Neuer Vorstand: Alois Opfermann, Norbert Sondermann, Thomas Keppler, Claudius Hille und Lothar Wandt (von links nach rechts)\" itemprop=\"thumbnailUrl\"  draggable=\"false\" onmousedown=\"event.preventDefault()\"  data-envirabox=\"335\" data-automatic-caption=\"Neuer Vorstand: Alois Opfermann, Norbert Sondermann, Thomas Keppler, Claudius Hille und Lothar Wandt (von links nach rechts)\" data-envira-height=\"300\" data-envira-width=\"400\" \/><\/a><\/div><\/div><div id=\"envira-gallery-item-337\" class=\"envira-gallery-item envira-gallery-item-2 envira-lazy-load\" style=\"padding-left: 5px; padding-bottom: 10px; padding-right: 5px;\"  itemscope itemtype=\"https:\/\/schema.org\/ImageObject\"><div class=\"envira-gallery-item-inner\"><div class=\"envira-gallery-position-overlay envira-gallery-top-left\"><\/div><div class=\"envira-gallery-position-overlay envira-gallery-top-right\"><\/div><div class=\"envira-gallery-position-overlay envira-gallery-bottom-left\"><\/div><div class=\"envira-gallery-position-overlay envira-gallery-bottom-right\"><\/div><a class=\"envira-gallery-335 envira-gallery-link\" href=\"https:\/\/i0.wp.com\/www.eichsfeldgruene.de\/WP\/wp-content\/uploads\/2018\/01\/JHV-2018_Reifenstein.jpg\" title=\"Veranstaltungsort war das Naturschutzzentrum des NABU in Reifenstein\" data-caption=\"\" data-envira-item-id=\"337\" data-envira-retina=\"https:\/\/i0.wp.com\/www.eichsfeldgruene.de\/WP\/wp-content\/uploads\/2018\/01\/JHV-2018_Reifenstein.jpg?fit=960%2C960\" data-thumb=\"http:\/\/www.eichsfeldgruene.de\/WP\/wp-content\/uploads\/2018\/01\/JHV-2018_Reifenstein-75x50_c.jpg\" data-title=\"Veranstaltungsort war das Naturschutzzentrum des NABU in Reifenstein\" data-envirabox='335' itemprop=\"contentUrl\"><img loading=\"lazy\" decoding=\"async\" src=\"https:\/\/i0.wp.com\/www.eichsfeldgruene.de\/WP\/wp-content\/uploads\/2018\/01\/JHV-2018_Reifenstein.jpg?fit=800%2C800\" alt=\"Naturschutzzentrum in Reifenstein\" class=\"envira-gallery-image envira-gallery-image-2    envira-lazy\" height=\"480\" id=\"envira-gallery-image-337\" srcset=\"data:image\/gif;base64,R0lGODlhAQABAIAAAP\/\/\/\/\/\/\/yH5BAEKAAEALAAAAAABAAEAAAICTAEAOw==\" tabindex=\"-1\" title=\"Veranstaltungsort war das Naturschutzzentrum des NABU in Reifenstein\" width=\"640\" data-caption=\"\" data-envira-gallery-id=\"335\" data-envira-index=\"1\" data-envira-item-id=\"337\" data-envira-src=\"https:\/\/i0.wp.com\/www.eichsfeldgruene.de\/WP\/wp-content\/uploads\/2018\/01\/JHV-2018_Reifenstein.jpg?fit=800%2C800\" data-envira-srcset=\"https:\/\/i0.wp.com\/www.eichsfeldgruene.de\/WP\/wp-content\/uploads\/2018\/01\/JHV-2018_Reifenstein.jpg?fit=800%2C800 400w, https:\/\/i0.wp.com\/www.eichsfeldgruene.de\/WP\/wp-content\/uploads\/2018\/01\/JHV-2018_Reifenstein.jpg?fit=800%2C800 2x\" data-title=\"Veranstaltungsort war das Naturschutzzentrum des NABU in Reifenstein\" itemprop=\"thumbnailUrl\"  draggable=\"false\" onmousedown=\"event.preventDefault()\"  data-envirabox=\"335\" data-automatic-caption=\"Veranstaltungsort war das Naturschutzzentrum des NABU in Reifenstein\" data-envira-height=\"400\" data-envira-width=\"400\" \/><\/a><\/div><\/div><\/div><\/div><noscript><img data-recalc-dims=\"1\" src=\"https:\/\/i0.wp.com\/www.eichsfeldgruene.de\/WP\/wp-content\/uploads\/2018\/01\/IMG_4272.jpg?w=876\" alt='Vorstand der Eichsfeldgr\u00fcnen' class='envira_noscript_images ' \/><img data-recalc-dims=\"1\" src=\"https:\/\/i0.wp.com\/www.eichsfeldgruene.de\/WP\/wp-content\/uploads\/2018\/01\/JHV-2018_Reifenstein.jpg?w=876\" alt='Naturschutzzentrum in Reifenstein' class='envira_noscript_images ' \/><\/noscript>\n<div class=\"twoclick_social_bookmarks_post_338 social_share_privacy clearfix 1.6.4 locale-de_DE sprite-de_DE\"><\/div><div class=\"twoclick-js\"><script type=\"text\/javascript\">\/* <![CDATA[ *\/\njQuery(document).ready(function($){if($('.twoclick_social_bookmarks_post_338')){$('.twoclick_social_bookmarks_post_338').socialSharePrivacy({\"services\":{\"facebook\":{\"status\":\"on\",\"txt_info\":\"2 Klicks f\\u00fcr mehr Datenschutz: Erst wenn Sie hier klicken, wird der Button aktiv und Sie k\\u00f6nnen Ihre Empfehlung an Facebook senden. Schon beim Aktivieren werden Daten an Dritte \\u00fcbertragen - siehe <em>i<\\\/em>.\",\"perma_option\":\"off\",\"action\":\"like\",\"language\":\"de_DE\"},\"twitter\":{\"reply_to\":\"\",\"tweet_text\":\"%20Jahreshauptversammlung%202018%20in%20Reifenstein%20%C2%BB%20www.eichsfeldgruene.de%20%23Versammlung%20...\",\"status\":\"on\",\"txt_info\":\"2 Klicks f\\u00fcr mehr Datenschutz: Erst wenn Sie hier klicken, wird der Button aktiv und Sie k\\u00f6nnen Ihre Empfehlung an Twitter senden. Schon beim Aktivieren werden Daten an Dritte \\u00fcbertragen - siehe <em>i<\\\/em>.\",\"perma_option\":\"off\",\"language\":\"de\",\"referrer_track\":\"\"},\"gplus\":{\"status\":\"on\",\"txt_info\":\"2 Klicks f\\u00fcr mehr Datenschutz: Erst wenn Sie hier klicken, wird der Button aktiv und Sie k\\u00f6nnen Ihre Empfehlung an Google+ senden. Schon beim Aktivieren werden Daten an Dritte \\u00fcbertragen - siehe <em>i<\\\/em>.\",\"perma_option\":\"off\",\"referrer_track\":\"\"},\"pinterest\":{\"status\":\"on\",\"the_excerpt\":\"Jahreshauptversammlung 2018 in Reifenstein\",\"txt_info\":\"2 Klicks f\\u00fcr mehr Datenschutz: Erst wenn Sie hier klicken, wird der Button aktiv und Sie k\\u00f6nnen Ihre Empfehlung an Pinterest senden. Schon beim Aktivieren werden Daten an Dritte \\u00fcbertragen - siehe <em>i<\\\/em>.\",\"perma_option\":\"off\",\"media\":\"http:\\\/\\\/www.eichsfeldgruene.de\\\/WP\\\/wp-content\\\/uploads\\\/2018\\\/01\\\/JHV-2018_Reifenstein.jpg\"},\"linkedin\":{\"status\":\"on\",\"txt_info\":\"2 Klicks f\\u00fcr mehr Datenschutz: Erst wenn Sie hier klicken, wird der Button aktiv und Sie k\\u00f6nnen Ihre Empfehlung an LinkedIn senden. Schon beim Aktivieren werden Daten an Dritte \\u00fcbertragen - siehe <em>i<\\\/em>.\",\"perma_option\":\"off\"}},\"txt_help\":\"Wenn Sie diese Felder durch einen Klick aktivieren, werden Informationen an Facebook, Twitter, Flattr, Xing, t3n, LinkedIn, Pinterest oder Google eventuell ins Ausland \\u00fcbertragen und unter Umst\\u00e4nden auch dort gespeichert. N\\u00e4heres erfahren Sie durch einen Klick auf das <em>i<\\\/em>.\",\"settings_perma\":\"Dauerhaft aktivieren und Daten\\u00fcber-tragung zustimmen:\",\"info_link\":\"http:\\\/\\\/www.heise.de\\\/ct\\\/artikel\\\/2-Klicks-fuer-mehr-Datenschutz-1333879.html\",\"uri\":\"http:\\\/\\\/www.eichsfeldgruene.de\\\/WP\\\/jahreshauptversammlung-2018-in-reifenstein\\\/\",\"post_id\":338,\"post_title_referrer_track\":\"Jahreshauptversammlung+2018+in+Reifenstein\",\"display_infobox\":\"on\"});}});\n\/* ]]> *\/<\/script><\/div>","protected":false},"excerpt":{"rendered":"<p>Am Samstag, den 13. Januar 2018, kamen die Mitglieder der Eichsfeldgr\u00fcnen zu ihrer Jahreshauptversammlung im Naturschutzzentrum Reifenstein zusammen. Besonders begr\u00fc\u00dfen konnten die gr\u00fcn engagierten Eichsfelder und Eichsfelderinnen den Fraktionsvorsitzenden der [&hellip;]<\/p>\n","protected":false},"author":-1,"featured_media":337,"comment_status":"open","ping_status":"open","sticky":false,"template":"","format":"standard","meta":{"_jetpack_newsletter_access":"","_jetpack_dont_email_post_to_subs":false,"_jetpack_newsletter_tier_id":0,"_jetpack_memberships_contains_paywalled_content":false,"_jetpack_memberships_contains_paid_content":false,"footnotes":""},"categories":[2,35],"tags":[37,7,36],"class_list":["post-338","post","type-post","status-publish","format-standard","has-post-thumbnail","hentry","category-kreisverband","category-versammlungen","tag-versammlung","tag-vorstand","tag-ziele"],"jetpack_featured_media_url":"https:\/\/i0.wp.com\/www.eichsfeldgruene.de\/WP\/wp-content\/uploads\/2018\/01\/JHV-2018_Reifenstein.jpg?fit=960%2C960","jetpack_sharing_enabled":false,"jetpack_shortlink":"https:\/\/wp.me\/p8yqO4-5s","jetpack-related-posts":[{"id":1365,"url":"http:\/\/www.eichsfeldgruene.de\/WP\/eichsfeldgruene-setzen-auf-starke-zivilgesellschaft-nachhaltigkeit-und-biologische-vielfalt\/","url_meta":{"origin":338,"position":0},"title":"Eichsfeldgr\u00fcne setzen auf starke Zivilgesellschaft, Nachhaltigkeit und biologische Vielfalt","author":"Norbert Sondermann","date":"18. Februar 2020","format":false,"excerpt":"B\u00dcNDNIS 90\/DIE GR\u00dcNEN im Eichsfeld haben am Samstag, den 08. Februar 2020 einen Kreisvorstand f\u00fcr die kommenden zwei Jahre gew\u00e4hlt. Die neue Doppelspitze aus Katharina P\u00e4tzold und Norbert Sondermann kommt aus Heiligenstadt und will die erfolgreiche Arbeit der vergangenen Jahre fortsetzen. Neben Schatzmeister Thomas Keppler aus Kreuzebra wurden Lothar Wandt\u2026","rel":"","context":"In &quot;Kreisverband&quot;","block_context":{"text":"Kreisverband","link":"http:\/\/www.eichsfeldgruene.de\/WP\/Thema\/kreisverband\/"},"img":{"alt_text":"Wir haben einen neuen Vorstand","src":"https:\/\/i0.wp.com\/www.eichsfeldgruene.de\/WP\/wp-content\/uploads\/2020\/02\/picture-1.jpg?fit=1024%2C538&resize=350%2C200","width":350,"height":200,"srcset":"https:\/\/i0.wp.com\/www.eichsfeldgruene.de\/WP\/wp-content\/uploads\/2020\/02\/picture-1.jpg?fit=1024%2C538&resize=350%2C200 1x, https:\/\/i0.wp.com\/www.eichsfeldgruene.de\/WP\/wp-content\/uploads\/2020\/02\/picture-1.jpg?fit=1024%2C538&resize=525%2C300 1.5x, https:\/\/i0.wp.com\/www.eichsfeldgruene.de\/WP\/wp-content\/uploads\/2020\/02\/picture-1.jpg?fit=1024%2C538&resize=700%2C400 2x"},"classes":[]},{"id":194,"url":"http:\/\/www.eichsfeldgruene.de\/WP\/direktkandidatin-fuer-die-bundestagswahl-2017-gewaehlt\/","url_meta":{"origin":338,"position":1},"title":"Direktkandidatin f\u00fcr die Bundestagswahl 2017 gew\u00e4hlt","author":"Norbert Sondermann","date":"21. Januar 2017","format":false,"excerpt":"In einer Gr\u00fcnen Mitgliederversammlung der drei Kreisverb\u00e4nde in Nordhausen im Weltladen wurde die 31j\u00e4hrige Stephanie Kespohl aus Elende im Landkreis Nordhausen einstimmig als gr\u00fcne Spitzenfrau f\u00fcr Nordth\u00fcringen gew\u00e4hlt. Anschlie\u00dfend wurden erste wichtige Themen, wie zum Beispiel die Entwicklung im l\u00e4ndlichen Raum, die Verkehrs- und Energiewende sowie der Natur- und Umweltschutz\u2026","rel":"","context":"In &quot;Bundestagswahl&quot;","block_context":{"text":"Bundestagswahl","link":"http:\/\/www.eichsfeldgruene.de\/WP\/Thema\/wahlen\/bundestagswahl\/"},"img":{"alt_text":"","src":"https:\/\/i0.wp.com\/www.eichsfeldgruene.de\/WP\/wp-content\/uploads\/2017\/04\/1024_436192_0121_87520639.jpg?fit=1024%2C487&resize=350%2C200","width":350,"height":200,"srcset":"https:\/\/i0.wp.com\/www.eichsfeldgruene.de\/WP\/wp-content\/uploads\/2017\/04\/1024_436192_0121_87520639.jpg?fit=1024%2C487&resize=350%2C200 1x, https:\/\/i0.wp.com\/www.eichsfeldgruene.de\/WP\/wp-content\/uploads\/2017\/04\/1024_436192_0121_87520639.jpg?fit=1024%2C487&resize=525%2C300 1.5x, https:\/\/i0.wp.com\/www.eichsfeldgruene.de\/WP\/wp-content\/uploads\/2017\/04\/1024_436192_0121_87520639.jpg?fit=1024%2C487&resize=700%2C400 2x"},"classes":[]},{"id":7369,"url":"http:\/\/www.eichsfeldgruene.de\/WP\/besuch-unseres-spitzenkandidaten-bernhard-stengele-im-eichsfeld\/","url_meta":{"origin":338,"position":2},"title":"Besuch unseres Spitzenkandidaten Bernhard Stengele im Eichsfeld","author":"Information","date":"26. Juli 2024","format":false,"excerpt":"Am Freitag, den 26. Juli 2024, durften wir unseren gr\u00fcnen Spitzenkandidaten f\u00fcr die anstehende Landtagswahl Bernhard Stengele bei uns im Eichsfeld begr\u00fc\u00dfen. Themenschwerpunkte auf seiner Tour durch unseren sch\u00f6nen Landkreis waren unter anderem der Erhalt von naturnahen Gew\u00e4ssern, der Hochwasserschutz bei immer h\u00e4ufiger auftretendem Starkregen, aber auch der Tier- und\u2026","rel":"","context":"In &quot;Allgemein&quot;","block_context":{"text":"Allgemein","link":"http:\/\/www.eichsfeldgruene.de\/WP\/Thema\/allgemein\/"},"img":{"alt_text":"","src":"https:\/\/i0.wp.com\/www.eichsfeldgruene.de\/WP\/wp-content\/uploads\/2024\/08\/IMG-20240727-WA0010.jpg?fit=1200%2C675&resize=350%2C200","width":350,"height":200,"srcset":"https:\/\/i0.wp.com\/www.eichsfeldgruene.de\/WP\/wp-content\/uploads\/2024\/08\/IMG-20240727-WA0010.jpg?fit=1200%2C675&resize=350%2C200 1x, https:\/\/i0.wp.com\/www.eichsfeldgruene.de\/WP\/wp-content\/uploads\/2024\/08\/IMG-20240727-WA0010.jpg?fit=1200%2C675&resize=525%2C300 1.5x, https:\/\/i0.wp.com\/www.eichsfeldgruene.de\/WP\/wp-content\/uploads\/2024\/08\/IMG-20240727-WA0010.jpg?fit=1200%2C675&resize=700%2C400 2x, https:\/\/i0.wp.com\/www.eichsfeldgruene.de\/WP\/wp-content\/uploads\/2024\/08\/IMG-20240727-WA0010.jpg?fit=1200%2C675&resize=1050%2C600 3x"},"classes":[]},{"id":249,"url":"http:\/\/www.eichsfeldgruene.de\/WP\/die-eichsfelder-gruenen-melden-sich-zur-gebietsreform\/","url_meta":{"origin":338,"position":3},"title":"Die Eichsfelder Gr\u00fcnen melden sich zur Gebietsreform","author":"Norbert Sondermann","date":"27. April 2017","format":false,"excerpt":"Mit einem Brief wenden sich die Eichsfelder Gr\u00fcnen an den Ministerpr\u00e4sident Th\u00fcringens, Bodo Ramelow zum Theme Gebietsreform. Darin fordern sie einen Neustart des Reformprozesses unter einer h\u00f6heren Einbeziehung der B\u00fcrger. Der Wortlaut des Briefes ist hier wiedergegeben: Sehr geehrter Herr Ministerpr\u00e4sident Bodo Ramelow, der Kreisvorstand von B\u00fcndnis 90\/Die Gr\u00fcnen im\u2026","rel":"","context":"In &quot;Landespolitik&quot;","block_context":{"text":"Landespolitik","link":"http:\/\/www.eichsfeldgruene.de\/WP\/Thema\/landespolitik\/"},"img":{"alt_text":"","src":"https:\/\/i0.wp.com\/www.eichsfeldgruene.de\/WP\/wp-content\/uploads\/2017\/04\/eichsfeldkarte.gif?fit=1127%2C1200&resize=350%2C200","width":350,"height":200,"srcset":"https:\/\/i0.wp.com\/www.eichsfeldgruene.de\/WP\/wp-content\/uploads\/2017\/04\/eichsfeldkarte.gif?fit=1127%2C1200&resize=350%2C200 1x, https:\/\/i0.wp.com\/www.eichsfeldgruene.de\/WP\/wp-content\/uploads\/2017\/04\/eichsfeldkarte.gif?fit=1127%2C1200&resize=525%2C300 1.5x, https:\/\/i0.wp.com\/www.eichsfeldgruene.de\/WP\/wp-content\/uploads\/2017\/04\/eichsfeldkarte.gif?fit=1127%2C1200&resize=700%2C400 2x, https:\/\/i0.wp.com\/www.eichsfeldgruene.de\/WP\/wp-content\/uploads\/2017\/04\/eichsfeldkarte.gif?fit=1127%2C1200&resize=1050%2C600 3x"},"classes":[]},{"id":1142,"url":"http:\/\/www.eichsfeldgruene.de\/WP\/wahlprogramm-zur-stadtratswahl-in-heilbad-heiligenstadt-2019\/","url_meta":{"origin":338,"position":4},"title":"Wahlprogramm zur Stadtratswahl in Heilbad Heiligenstadt 2019","author":"Claudius Hille","date":"23. April 2019","format":false,"excerpt":"GEMEINSAM F\u00dcR HEILIGENSTADT - GR\u00dcN TUT Heiligenstadt GUT! Deshalb stehen auf unserer Liste f\u00fcr den Heiligenst\u00e4dter Stadtrat B\u00dcNDNISGR\u00dcNE Parteimitglieder UND Menschen, die mit ihren Ideen und ihrem Engagement und Ideen die Positionen unserer Partei verst\u00e4rken. Wir treten bei der Kommunalwahl am 26. Mai 2019 gemeinsam daf\u00fcr an, dass f\u00fcr den\u2026","rel":"","context":"In &quot;Kommunalwahl&quot;","block_context":{"text":"Kommunalwahl","link":"http:\/\/www.eichsfeldgruene.de\/WP\/Thema\/wahlen\/kommunalwahl\/"},"img":{"alt_text":"","src":"https:\/\/i0.wp.com\/www.eichsfeldgruene.de\/WP\/wp-content\/uploads\/2017\/04\/10021002-e1491395538899.jpg?fit=887%2C436&resize=350%2C200","width":350,"height":200,"srcset":"https:\/\/i0.wp.com\/www.eichsfeldgruene.de\/WP\/wp-content\/uploads\/2017\/04\/10021002-e1491395538899.jpg?fit=887%2C436&resize=350%2C200 1x, https:\/\/i0.wp.com\/www.eichsfeldgruene.de\/WP\/wp-content\/uploads\/2017\/04\/10021002-e1491395538899.jpg?fit=887%2C436&resize=525%2C300 1.5x, https:\/\/i0.wp.com\/www.eichsfeldgruene.de\/WP\/wp-content\/uploads\/2017\/04\/10021002-e1491395538899.jpg?fit=887%2C436&resize=700%2C400 2x"},"classes":[]},{"id":7390,"url":"http:\/\/www.eichsfeldgruene.de\/WP\/unser-neues-team-an-der-spitze-des-eichsfelder-kreisverbands\/","url_meta":{"origin":338,"position":5},"title":"Unser neues Team an der Spitze des Eichsfelder Kreisverbands","author":"Information","date":"18. Juni 2024","format":false,"excerpt":"In unserer Jahreshauptversammlung am 18. Juni 2024 haben wir nicht nur \u00fcber die zur\u00fcckliegenden Kommunalwahlen und die zuk\u00fcnftige Landtagswahl gesprochen, sondern auch ein neues Leitungsteam f\u00fcr unseren Kreisverband gew\u00e4hlt. An die Stelle unserer langj\u00e4hrigen Sprecherin Katharina P\u00e4tzold, die als einzige Gr\u00fcne einen Sitz im Kreistag des Landkreises gewinnen konnte, tritt\u2026","rel":"","context":"In &quot;Allgemein&quot;","block_context":{"text":"Allgemein","link":"http:\/\/www.eichsfeldgruene.de\/WP\/Thema\/allgemein\/"},"img":{"alt_text":"","src":"https:\/\/i0.wp.com\/www.eichsfeldgruene.de\/WP\/wp-content\/uploads\/2024\/08\/Neuer-Vorstand-2024-scaled.jpg?fit=1200%2C900&resize=350%2C200","width":350,"height":200,"srcset":"https:\/\/i0.wp.com\/www.eichsfeldgruene.de\/WP\/wp-content\/uploads\/2024\/08\/Neuer-Vorstand-2024-scaled.jpg?fit=1200%2C900&resize=350%2C200 1x, https:\/\/i0.wp.com\/www.eichsfeldgruene.de\/WP\/wp-content\/uploads\/2024\/08\/Neuer-Vorstand-2024-scaled.jpg?fit=1200%2C900&resize=525%2C300 1.5x, https:\/\/i0.wp.com\/www.eichsfeldgruene.de\/WP\/wp-content\/uploads\/2024\/08\/Neuer-Vorstand-2024-scaled.jpg?fit=1200%2C900&resize=700%2C400 2x, https:\/\/i0.wp.com\/www.eichsfeldgruene.de\/WP\/wp-content\/uploads\/2024\/08\/Neuer-Vorstand-2024-scaled.jpg?fit=1200%2C900&resize=1050%2C600 3x"},"classes":[]}],"publishpress_future_action":{"enabled":false,"date":"2026-05-10 11:22:16","action":"change-status","newStatus":"draft","terms":[],"taxonomy":"category","extraData":[]},"publishpress_future_workflow_manual_trigger":{"enabledWorkflows":[]},"_links":{"self":[{"href":"http:\/\/www.eichsfeldgruene.de\/WP\/wp-json\/wp\/v2\/posts\/338","targetHints":{"allow":["GET"]}}],"collection":[{"href":"http:\/\/www.eichsfeldgruene.de\/WP\/wp-json\/wp\/v2\/posts"}],"about":[{"href":"http:\/\/www.eichsfeldgruene.de\/WP\/wp-json\/wp\/v2\/types\/post"}],"author":[{"embeddable":true,"href":"http:\/\/www.eichsfeldgruene.de\/WP\/wp-json\/wp\/v2\/users\/5"}],"replies":[{"embeddable":true,"href":"http:\/\/www.eichsfeldgruene.de\/WP\/wp-json\/wp\/v2\/comments?post=338"}],"version-history":[{"count":0,"href":"http:\/\/www.eichsfeldgruene.de\/WP\/wp-json\/wp\/v2\/posts\/338\/revisions"}],"wp:featuredmedia":[{"embeddable":true,"href":"http:\/\/www.eichsfeldgruene.de\/WP\/wp-json\/wp\/v2\/media\/337"}],"wp:attachment":[{"href":"http:\/\/www.eichsfeldgruene.de\/WP\/wp-json\/wp\/v2\/media?parent=338"}],"wp:term":[{"taxonomy":"category","embeddable":true,"href":"http:\/\/www.eichsfeldgruene.de\/WP\/wp-json\/wp\/v2\/categories?post=338"},{"taxonomy":"post_tag","embeddable":true,"href":"http:\/\/www.eichsfeldgruene.de\/WP\/wp-json\/wp\/v2\/tags?post=338"}],"curies":[{"name":"wp","href":"https:\/\/api.w.org\/{rel}","templated":true}]}}