{"id":7369,"date":"2024-07-26T14:00:00","date_gmt":"2024-07-26T12:00:00","guid":{"rendered":"http:\/\/www.eichsfeldgruene.de\/WP\/?p=7369"},"modified":"2024-08-03T15:45:06","modified_gmt":"2024-08-03T13:45:06","slug":"besuch-unseres-spitzenkandidaten-bernhard-stengele-im-eichsfeld","status":"publish","type":"post","link":"http:\/\/www.eichsfeldgruene.de\/WP\/besuch-unseres-spitzenkandidaten-bernhard-stengele-im-eichsfeld\/","title":{"rendered":"Besuch unseres Spitzenkandidaten Bernhard Stengele im Eichsfeld"},"content":{"rendered":"\n<p><span style=\"font-weight: 400;\">Am Freitag, den 26. Juli 2024, durften wir unseren gr\u00fcnen Spitzenkandidaten f\u00fcr die anstehende Landtagswahl Bernhard Stengele bei uns im Eichsfeld begr\u00fc\u00dfen. Themenschwerpunkte auf seiner Tour durch unseren sch\u00f6nen Landkreis waren unter anderem der Erhalt von naturnahen Gew\u00e4ssern, der Hochwasserschutz bei immer h\u00e4ufiger auftretendem Starkregen, aber auch der Tier- und Artenschutz.\u00a0<\/span><\/p>\n<p><span style=\"font-weight: 400;\">Gemeinsam mit Margit Ertmer, Verbandsvorsteherin vom Gew\u00e4sserunterhaltungsverband Leine\/ Frieda\/ Rosoppe (GUV), und Frederic St\u00fcrtzel, Gesch\u00e4ftsverf\u00fchrer des GUV, sowie Michael Ga\u00dfmann, B\u00fcrgermeister der Gemeinde Heuthen, besichtigten wir die Baustelle an der Geislede.\u00a0 Hier bearbeitet der GUV Leine\/ Frieda\/ Rosoppe ein gro\u00dfartiges Projekt, wo er die Renaturierung des Flusses mit der Errichtung eines Radweges verbindet, der gleichzeitig das Grundwasser sch\u00fctzt und dem Hochwasserschutz dient &#8211; eine gute Kombination von guten Dingen. Parallel dazu besuchte unsere Landessprecherin Ann-Sophie Bohm das Heiligenst\u00e4dter Tierheim, um sich \u00fcber die aktuelle Situation vor Ort zu informieren.<\/span><\/p>\n<p><img data-recalc-dims=\"1\" loading=\"lazy\" decoding=\"async\" class=\"alignnone\" style=\"margin-left: 10px; margin-right: 10px;\" src=\"https:\/\/i0.wp.com\/www.eichsfeldgruene.de\/WP\/wp-content\/uploads\/2024\/08\/IMG_20240726_134754-scaled.jpg?resize=410%2C308\" alt=\"\" width=\"410\" height=\"308\" \/><img data-recalc-dims=\"1\" loading=\"lazy\" decoding=\"async\" class=\"alignnone\" style=\"margin-left: 10px; margin-right: 10px;\" src=\"https:\/\/i0.wp.com\/www.eichsfeldgruene.de\/WP\/wp-content\/uploads\/2024\/08\/IMG_20240726_132951-scaled.jpg?resize=410%2C307\" alt=\"\" width=\"410\" height=\"307\" \/><\/p>\n<p><span style=\"font-weight: 400;\">Anschlie\u00dfend wurde unsere Delegation im Alternativen B\u00e4renpark in Worbis von Sabrina Schr\u00f6der, Leiterin des Parks, und Bernd Nonnenmacher, Gesch\u00e4ftsf\u00fchrer, begr\u00fc\u00dft. Gemeinsam mit unserer Landessprecherin, unserem Spitzenkandidaten, Christian Zwingmann (B\u00fcrgermeister von Leinefelde-Worbis), Jens Worm-B\u00fcschleb (OT-B\u00fcrgermeister in Worbis) und Natalie H\u00fcnger (Leiterin \u00d6ffentlichkeitsarbeit\/ Tourismus und Kultur) informierten wir uns \u00fcber die Themen Arten- und Tierschutz, sowie die wichtige Arbeit der Mitarbeitenden im B\u00e4renpark. Frau Schr\u00f6der und Herr Nonnenmacher machen deutlich, wie wichtig es ist B\u00e4ren als eigenst\u00e4ndige, freiheitsliebende, sch\u00fctzenswerte Pers\u00f6nlichkeiten zu betrachten. Bernhard Stengele \u00e4u\u00dferte abschlie\u00dfend: \u201eTiere sind nicht f\u00fcr uns da \u2013 und es w\u00e4re sch\u00f6n, wenn sich das rumspricht.\u201c\u00a0<\/span><\/p>\n<p><img data-recalc-dims=\"1\" decoding=\"async\" class=\"alignnone\" style=\"margin-left: 10px; margin-right: 10px;\" src=\"https:\/\/i0.wp.com\/www.eichsfeldgruene.de\/WP\/wp-content\/uploads\/2024\/08\/IMG-20240727-WA0009.jpg?w=410\" alt=\"\"  \/><img data-recalc-dims=\"1\" loading=\"lazy\" decoding=\"async\" class=\"alignnone\" style=\"margin-left: 10px; margin-right: 10px;\" src=\"https:\/\/i0.wp.com\/www.eichsfeldgruene.de\/WP\/wp-content\/uploads\/2024\/08\/IMG-20240727-WA0010.jpg?resize=410%2C231\" alt=\"\" width=\"410\" height=\"231\" \/><span style=\"color: initial; font-size: revert;\">Den Abend lie\u00dfen wir im Schaugarten in Sch\u00f6nhagen bei einer kleinen Grillfeier, zu der auch die Eichsfelder*innen eingeladen wurden, ausklingen. Hier gab es nicht nur spannende Gespr\u00e4che mit Parteimitgliedern, sondern auch wirklich interessierten B\u00fcrgerinnen und B\u00fcrger, die u.a. Fragen zu Krieg und Frieden, zu Corona und zum Geb\u00e4ude-Energiegesetz stellten.\u00a0<\/span><\/p>\n<div class=\"twoclick_social_bookmarks_post_7369 social_share_privacy clearfix 1.6.4 locale-de_DE sprite-de_DE\"><\/div><div class=\"twoclick-js\"><script type=\"text\/javascript\">\/* <![CDATA[ *\/\njQuery(document).ready(function($){if($('.twoclick_social_bookmarks_post_7369')){$('.twoclick_social_bookmarks_post_7369').socialSharePrivacy({\"services\":{\"facebook\":{\"status\":\"on\",\"txt_info\":\"2 Klicks f\\u00fcr mehr Datenschutz: Erst wenn Sie hier klicken, wird der Button aktiv und Sie k\\u00f6nnen Ihre Empfehlung an Facebook senden. Schon beim Aktivieren werden Daten an Dritte \\u00fcbertragen - siehe <em>i<\\\/em>.\",\"perma_option\":\"off\",\"action\":\"like\",\"language\":\"de_DE\"},\"twitter\":{\"reply_to\":\"\",\"tweet_text\":\"Besuch%20unseres%20Spitzenkandidaten%20Bernhard%20Stengele%20im%20Eichsfeld%20%C2%BB%20www.eichsfeldgruene.de\",\"status\":\"on\",\"txt_info\":\"2 Klicks f\\u00fcr mehr Datenschutz: Erst wenn Sie hier klicken, wird der Button aktiv und Sie k\\u00f6nnen Ihre Empfehlung an Twitter senden. Schon beim Aktivieren werden Daten an Dritte \\u00fcbertragen - siehe <em>i<\\\/em>.\",\"perma_option\":\"off\",\"language\":\"de\",\"referrer_track\":\"\"},\"gplus\":{\"status\":\"on\",\"txt_info\":\"2 Klicks f\\u00fcr mehr Datenschutz: Erst wenn Sie hier klicken, wird der Button aktiv und Sie k\\u00f6nnen Ihre Empfehlung an Google+ senden. Schon beim Aktivieren werden Daten an Dritte \\u00fcbertragen - siehe <em>i<\\\/em>.\",\"perma_option\":\"off\",\"referrer_track\":\"\"},\"pinterest\":{\"status\":\"on\",\"the_excerpt\":\"Besuch unseres Spitzenkandidaten Bernhard Stengele im Eichsfeld\",\"txt_info\":\"2 Klicks f\\u00fcr mehr Datenschutz: Erst wenn Sie hier klicken, wird der Button aktiv und Sie k\\u00f6nnen Ihre Empfehlung an Pinterest senden. Schon beim Aktivieren werden Daten an Dritte \\u00fcbertragen - siehe <em>i<\\\/em>.\",\"perma_option\":\"off\",\"media\":\"http:\\\/\\\/www.eichsfeldgruene.de\\\/WP\\\/wp-content\\\/uploads\\\/2024\\\/08\\\/IMG-20240727-WA0010.jpg\"},\"linkedin\":{\"status\":\"on\",\"txt_info\":\"2 Klicks f\\u00fcr mehr Datenschutz: Erst wenn Sie hier klicken, wird der Button aktiv und Sie k\\u00f6nnen Ihre Empfehlung an LinkedIn senden. Schon beim Aktivieren werden Daten an Dritte \\u00fcbertragen - siehe <em>i<\\\/em>.\",\"perma_option\":\"off\"}},\"txt_help\":\"Wenn Sie diese Felder durch einen Klick aktivieren, werden Informationen an Facebook, Twitter, Flattr, Xing, t3n, LinkedIn, Pinterest oder Google eventuell ins Ausland \\u00fcbertragen und unter Umst\\u00e4nden auch dort gespeichert. N\\u00e4heres erfahren Sie durch einen Klick auf das <em>i<\\\/em>.\",\"settings_perma\":\"Dauerhaft aktivieren und Daten\\u00fcber-tragung zustimmen:\",\"info_link\":\"http:\\\/\\\/www.heise.de\\\/ct\\\/artikel\\\/2-Klicks-fuer-mehr-Datenschutz-1333879.html\",\"uri\":\"http:\\\/\\\/www.eichsfeldgruene.de\\\/WP\\\/besuch-unseres-spitzenkandidaten-bernhard-stengele-im-eichsfeld\\\/\",\"post_id\":7369,\"post_title_referrer_track\":\"Besuch+unseres+Spitzenkandidaten+Bernhard+Stengele+im+Eichsfeld\",\"display_infobox\":\"on\"});}});\n\/* ]]> *\/<\/script><\/div>","protected":false},"excerpt":{"rendered":"<p>Am Freitag, den 26. Juli 2024, durften wir unseren gr\u00fcnen Spitzenkandidaten f\u00fcr die anstehende Landtagswahl Bernhard Stengele bei uns im Eichsfeld begr\u00fc\u00dfen. Themenschwerpunkte auf seiner Tour durch unseren sch\u00f6nen Landkreis [&hellip;]<\/p>\n","protected":false},"author":-1,"featured_media":7374,"comment_status":"open","ping_status":"open","sticky":false,"template":"","format":"standard","meta":{"_jetpack_newsletter_access":"","_jetpack_dont_email_post_to_subs":false,"_jetpack_newsletter_tier_id":0,"_jetpack_memberships_contains_paywalled_content":false,"_jetpack_memberships_contains_paid_content":false,"footnotes":""},"categories":[1],"tags":[],"class_list":["post-7369","post","type-post","status-publish","format-standard","has-post-thumbnail","hentry","category-allgemein"],"jetpack_featured_media_url":"https:\/\/i0.wp.com\/www.eichsfeldgruene.de\/WP\/wp-content\/uploads\/2024\/08\/IMG-20240727-WA0010.jpg?fit=1920%2C1080","jetpack_sharing_enabled":true,"jetpack_shortlink":"https:\/\/wp.me\/p8yqO4-1UR","jetpack-related-posts":[{"id":7450,"url":"http:\/\/www.eichsfeldgruene.de\/WP\/ein-spaziergang-durch-heiligenstadt-mit-bernhard-stengele-und-christian-meyer-zum-thema-die-klimaangepasste-stadt\/","url_meta":{"origin":7369,"position":0},"title":"Ein Spaziergang durch Heiligenstadt mit Bernhard Stengele und Christian Meyer zum Thema \u201eDie klimaangepasste Stadt\u201c","author":"Information","date":"14. August 2024","format":false,"excerpt":"In den n\u00e4chsten Jahren wird es aufgrund der globalen Erderw\u00e4rmung nicht nur immer h\u00e4ufigerextrem hei\u00dfe Sommertage, sondern auch Starkregenereignisse und Hochwasser geben. Auf solcheExtremwetter sollten wir unsere Innenst\u00e4dte vorbereiten. Zur Zeit ist ein Gro\u00dfteil deutscherStadtfl\u00e4chen jedoch versiegelt, wodurch kaum Regenwasser versickern kann und Beton als Baustoffallgegenw\u00e4rtig, wodurch sich die Innenst\u00e4dte\u2026","rel":"","context":"In &quot;Allgemein&quot;","block_context":{"text":"Allgemein","link":"http:\/\/www.eichsfeldgruene.de\/WP\/Thema\/allgemein\/"},"img":{"alt_text":"","src":"https:\/\/i0.wp.com\/www.eichsfeldgruene.de\/WP\/wp-content\/uploads\/2024\/08\/IMG-20240805-WA0007.jpg?fit=900%2C1200&resize=350%2C200","width":350,"height":200,"srcset":"https:\/\/i0.wp.com\/www.eichsfeldgruene.de\/WP\/wp-content\/uploads\/2024\/08\/IMG-20240805-WA0007.jpg?fit=900%2C1200&resize=350%2C200 1x, https:\/\/i0.wp.com\/www.eichsfeldgruene.de\/WP\/wp-content\/uploads\/2024\/08\/IMG-20240805-WA0007.jpg?fit=900%2C1200&resize=525%2C300 1.5x, https:\/\/i0.wp.com\/www.eichsfeldgruene.de\/WP\/wp-content\/uploads\/2024\/08\/IMG-20240805-WA0007.jpg?fit=900%2C1200&resize=700%2C400 2x"},"classes":[]},{"id":6878,"url":"http:\/\/www.eichsfeldgruene.de\/WP\/kommunalwahlprogramm-2024-fuer-unseren-landkreis-eichsfeld\/","url_meta":{"origin":7369,"position":1},"title":"Kommunalwahlprogramm 2024 f\u00fcr unseren Landkreis Eichsfeld","author":"Claudius Hille","date":"25. April 2024","format":false,"excerpt":"\"Zukunft wird vor Ort gemacht\" \u2013 12 Punkte f\u00fcr einen lebenswerten Landkreis Wir als b\u00fcndnisgr\u00fcner Kreisverband im Eichsfeld wollen mit folgenden 12 Kernpunkten aktiv zur Gestaltung und Weiterentwicklung des Landkreises beitragen. Dabei stehen die Menschen in ihrer Lebenswelt im Mittelpunkt aber auch eine klimafreundliche Landkreisgestaltung. Wir werben mit einem Programm,\u2026","rel":"","context":"In &quot;Kommunalwahl&quot;","block_context":{"text":"Kommunalwahl","link":"http:\/\/www.eichsfeldgruene.de\/WP\/Thema\/wahlen\/kommunalwahl\/"},"img":{"alt_text":"Sonnenblume","src":"https:\/\/i0.wp.com\/www.eichsfeldgruene.de\/WP\/wp-content\/uploads\/2021\/09\/sunflower-1536088_1920.jpg?fit=1200%2C786&resize=350%2C200","width":350,"height":200,"srcset":"https:\/\/i0.wp.com\/www.eichsfeldgruene.de\/WP\/wp-content\/uploads\/2021\/09\/sunflower-1536088_1920.jpg?fit=1200%2C786&resize=350%2C200 1x, https:\/\/i0.wp.com\/www.eichsfeldgruene.de\/WP\/wp-content\/uploads\/2021\/09\/sunflower-1536088_1920.jpg?fit=1200%2C786&resize=525%2C300 1.5x, https:\/\/i0.wp.com\/www.eichsfeldgruene.de\/WP\/wp-content\/uploads\/2021\/09\/sunflower-1536088_1920.jpg?fit=1200%2C786&resize=700%2C400 2x, https:\/\/i0.wp.com\/www.eichsfeldgruene.de\/WP\/wp-content\/uploads\/2021\/09\/sunflower-1536088_1920.jpg?fit=1200%2C786&resize=1050%2C600 3x"},"classes":[]},{"id":1148,"url":"http:\/\/www.eichsfeldgruene.de\/WP\/wahlprogramm-zur-kreistagswahl-2019\/","url_meta":{"origin":7369,"position":2},"title":"Wahlprogramm zur Kreistagswahl 2019","author":"Norbert Sondermann","date":"24. April 2019","format":false,"excerpt":"Liebe Eichsfelderinnen und Eichsfelder, am 26. Mai 2019 w\u00e4hlen Sie einen neuen Kreistag, Stadtr\u00e4te, Gemeinde- und Ortsr\u00e4te. Auch das Europaparlament wird an diesem Tag neu gew\u00e4hlt. Wir Eichsfeldgr\u00fcne haben deshalb unsere Kampagne f\u00fcr die Kommunalwahlen unter das Motto \u201eWeil wir hier leben\u201c gestellt, weil wir von dem Prinzip eines Europas\u2026","rel":"","context":"In &quot;Kommunalwahl&quot;","block_context":{"text":"Kommunalwahl","link":"http:\/\/www.eichsfeldgruene.de\/WP\/Thema\/wahlen\/kommunalwahl\/"},"img":{"alt_text":"","src":"https:\/\/i0.wp.com\/www.eichsfeldgruene.de\/WP\/wp-content\/uploads\/2017\/04\/10021002-e1491395538899.jpg?fit=887%2C436&resize=350%2C200","width":350,"height":200,"srcset":"https:\/\/i0.wp.com\/www.eichsfeldgruene.de\/WP\/wp-content\/uploads\/2017\/04\/10021002-e1491395538899.jpg?fit=887%2C436&resize=350%2C200 1x, https:\/\/i0.wp.com\/www.eichsfeldgruene.de\/WP\/wp-content\/uploads\/2017\/04\/10021002-e1491395538899.jpg?fit=887%2C436&resize=525%2C300 1.5x, https:\/\/i0.wp.com\/www.eichsfeldgruene.de\/WP\/wp-content\/uploads\/2017\/04\/10021002-e1491395538899.jpg?fit=887%2C436&resize=700%2C400 2x"},"classes":[]},{"id":351,"url":"http:\/\/www.eichsfeldgruene.de\/WP\/gruene-osteraktion-wirbt-fuer-biologische-vielfalt\/","url_meta":{"origin":7369,"position":3},"title":"Gr\u00fcne Osteraktion wirbt f\u00fcr biologische Vielfalt","author":"Norbert Sondermann","date":"2. April 2018","format":false,"excerpt":"Am Karsamstag (31.03.2018) waren die Eichsfelder Gr\u00fcnen wieder mit ihrer traditionellen Osteraktion auf dem Heiligenst\u00e4dter Wilhelm unterwegs. Trotz einiger Regentropfen aus einem bew\u00f6lkten Himmel war die Haupteinkaufsmeile der Eichsfeldstadt gut belebt. Ausgestattet mit Flyern zu Massentierhaltung, der Werbung f\u00fcr regionale Herk\u00fcnfte und Biolebensmittel sowie dem obligatorischen Bioei kamen wir mit\u2026","rel":"","context":"In &quot;Aktionen&quot;","block_context":{"text":"Aktionen","link":"http:\/\/www.eichsfeldgruene.de\/WP\/Thema\/kreisverband\/aktionen\/"},"img":{"alt_text":"","src":"https:\/\/i0.wp.com\/www.eichsfeldgruene.de\/WP\/wp-content\/uploads\/2018\/04\/IMG_6084.jpg?fit=640%2C480&resize=350%2C200","width":350,"height":200,"srcset":"https:\/\/i0.wp.com\/www.eichsfeldgruene.de\/WP\/wp-content\/uploads\/2018\/04\/IMG_6084.jpg?fit=640%2C480&resize=350%2C200 1x, https:\/\/i0.wp.com\/www.eichsfeldgruene.de\/WP\/wp-content\/uploads\/2018\/04\/IMG_6084.jpg?fit=640%2C480&resize=525%2C300 1.5x"},"classes":[]},{"id":79,"url":"http:\/\/www.eichsfeldgruene.de\/WP\/79\/","url_meta":{"origin":7369,"position":4},"title":"25 Jahre Kreisverband Eichsfeld","author":"Claudius Hille","date":"17. September 2015","format":false,"excerpt":"Am 17. September 2015 lud der Kreisverband Eichsfeld zum Jubil\u00e4um \u201e25 Jahre GR\u00dcN im Eichsfeld\u201c in die Heiligenst\u00e4dter Herrnm\u00fchle ein. Wir wollten auf eine politisch ereignisreiche Zeit seit der friedlichen Revolution in der DDR zur\u00fcckschauen und haben uns mit Katrin G\u00f6ring-Eckardt, Fraktionsvorsitzende von B\u00fcndnis 90\/Die Gr\u00fcnen im Deutschen Bundestag und\u2026","rel":"","context":"In &quot;Allgemein&quot;","block_context":{"text":"Allgemein","link":"http:\/\/www.eichsfeldgruene.de\/WP\/Thema\/allgemein\/"},"img":{"alt_text":"","src":"https:\/\/i0.wp.com\/www.eichsfeldgruene.de\/WP\/wp-content\/uploads\/2017\/03\/25-Jahre-KV-Eichsfeld-2-e1490105364505.jpg?fit=640%2C478&resize=350%2C200","width":350,"height":200,"srcset":"https:\/\/i0.wp.com\/www.eichsfeldgruene.de\/WP\/wp-content\/uploads\/2017\/03\/25-Jahre-KV-Eichsfeld-2-e1490105364505.jpg?fit=640%2C478&resize=350%2C200 1x, https:\/\/i0.wp.com\/www.eichsfeldgruene.de\/WP\/wp-content\/uploads\/2017\/03\/25-Jahre-KV-Eichsfeld-2-e1490105364505.jpg?fit=640%2C478&resize=525%2C300 1.5x"},"classes":[]},{"id":1896,"url":"http:\/\/www.eichsfeldgruene.de\/WP\/gruene-kandidatin-fuer-den-bundestagswahlkreis-189-gewaehlt\/","url_meta":{"origin":7369,"position":5},"title":"Gr\u00fcne Kandidatin f\u00fcr den Bundestagswahlkreis 189 gew\u00e4hlt","author":"Norbert Sondermann","date":"23. Juni 2021","format":false,"excerpt":"Heike M\u00f6ller: Lebenswichtige Strukturen auf dem Land st\u00e4rken Am Donnerstag (17.06.) haben die Mitglieder der Kreisverb\u00e4nde von B\u00dcNDNIS 90\/DIE GR\u00dcNEN aus dem Kyffh\u00e4userkreis, aus Nordhausen und dem Eichsfeld die Entscheidung f\u00fcr eine gemeinsame Direktkandidatin f\u00fcr den Bundestagswahlkampf im Wahlkreis 189 getroffen. In einer Aufstellungsversammlung in der Nordh\u00e4user Rothleimm\u00fchle wurde Heike\u2026","rel":"","context":"In &quot;Bundestagswahl&quot;","block_context":{"text":"Bundestagswahl","link":"http:\/\/www.eichsfeldgruene.de\/WP\/Thema\/wahlen\/bundestagswahl\/"},"img":{"alt_text":"","src":"https:\/\/i0.wp.com\/www.eichsfeldgruene.de\/WP\/wp-content\/uploads\/2021\/06\/Aufstellungsversammlung_1-rotated.jpg?fit=1200%2C900&resize=350%2C200","width":350,"height":200,"srcset":"https:\/\/i0.wp.com\/www.eichsfeldgruene.de\/WP\/wp-content\/uploads\/2021\/06\/Aufstellungsversammlung_1-rotated.jpg?fit=1200%2C900&resize=350%2C200 1x, https:\/\/i0.wp.com\/www.eichsfeldgruene.de\/WP\/wp-content\/uploads\/2021\/06\/Aufstellungsversammlung_1-rotated.jpg?fit=1200%2C900&resize=525%2C300 1.5x, https:\/\/i0.wp.com\/www.eichsfeldgruene.de\/WP\/wp-content\/uploads\/2021\/06\/Aufstellungsversammlung_1-rotated.jpg?fit=1200%2C900&resize=700%2C400 2x, https:\/\/i0.wp.com\/www.eichsfeldgruene.de\/WP\/wp-content\/uploads\/2021\/06\/Aufstellungsversammlung_1-rotated.jpg?fit=1200%2C900&resize=1050%2C600 3x"},"classes":[]}],"publishpress_future_action":{"enabled":false,"date":"2026-05-10 13:19:37","action":"change-status","newStatus":"draft","terms":[],"taxonomy":"category","extraData":[]},"publishpress_future_workflow_manual_trigger":{"enabledWorkflows":[]},"_links":{"self":[{"href":"http:\/\/www.eichsfeldgruene.de\/WP\/wp-json\/wp\/v2\/posts\/7369","targetHints":{"allow":["GET"]}}],"collection":[{"href":"http:\/\/www.eichsfeldgruene.de\/WP\/wp-json\/wp\/v2\/posts"}],"about":[{"href":"http:\/\/www.eichsfeldgruene.de\/WP\/wp-json\/wp\/v2\/types\/post"}],"author":[{"embeddable":true,"href":"http:\/\/www.eichsfeldgruene.de\/WP\/wp-json\/wp\/v2\/users\/2"}],"replies":[{"embeddable":true,"href":"http:\/\/www.eichsfeldgruene.de\/WP\/wp-json\/wp\/v2\/comments?post=7369"}],"version-history":[{"count":0,"href":"http:\/\/www.eichsfeldgruene.de\/WP\/wp-json\/wp\/v2\/posts\/7369\/revisions"}],"wp:featuredmedia":[{"embeddable":true,"href":"http:\/\/www.eichsfeldgruene.de\/WP\/wp-json\/wp\/v2\/media\/7374"}],"wp:attachment":[{"href":"http:\/\/www.eichsfeldgruene.de\/WP\/wp-json\/wp\/v2\/media?parent=7369"}],"wp:term":[{"taxonomy":"category","embeddable":true,"href":"http:\/\/www.eichsfeldgruene.de\/WP\/wp-json\/wp\/v2\/categories?post=7369"},{"taxonomy":"post_tag","embeddable":true,"href":"http:\/\/www.eichsfeldgruene.de\/WP\/wp-json\/wp\/v2\/tags?post=7369"}],"curies":[{"name":"wp","href":"https:\/\/api.w.org\/{rel}","templated":true}]}}